{"id":105578,"date":"2024-02-19T18:30:44","date_gmt":"2024-02-19T21:30:44","guid":{"rendered":"https:\/\/blogdoedvaldomagalhaes.com.br\/?p=105578"},"modified":"2024-02-19T18:33:56","modified_gmt":"2024-02-19T21:33:56","slug":"sismuc-regional-caruaru-realizara-assembleia-geral-nesta-sexta-feira-23","status":"publish","type":"post","link":"https:\/\/blogdoedvaldomagalhaes.com.br\/index.php\/2024\/02\/19\/sismuc-regional-caruaru-realizara-assembleia-geral-nesta-sexta-feira-23\/","title":{"rendered":"Sismuc Regional Caruaru realizar\u00e1 assembleia geral nesta sexta-feira (23)"},"content":{"rendered":"<p>O Sismuc Regional Caruaru realizar\u00e1 na pr\u00f3xima sexta-feira (23), uma assembleia geral extraordin\u00e1ria com os servidores associados ativos, inativos e pensionista do munic\u00edpio. A reuni\u00e3o acontecer\u00e1, no audit\u00f3rio do sindicato, \u00e0s 9h. <\/p>\n<p>No encontro ser\u00e3o debatidos sobre as seguintes pautas, d\u00favidas e import\u00e2ncia do PASEP, direitos dos servidores em geral e poss\u00edvel reivindica\u00e7\u00e3o de pequenos valores, al\u00e9m de informes em geral. &#8220;Convocamos todos os servidores para essa primeira assembleia do ano de 2024 com primeira convoca\u00e7\u00e3o \u00e0s 7h30, com 2\/3 dos associados e segunda convoca\u00e7\u00e3o uma hora depois com 1\/3 dos associados e terceira convoca\u00e7\u00e3o 30 minutos depois&#8221;, destacou o presidente do SISMUC, Eduardo Mendon\u00e7a. <\/p>\n<p>A assembleia ser\u00e1 no audit\u00f3rio do sindicato, localizado na Rua Padre F\u00e9lix Barreto, n\u00b0 50, centro. Estar\u00e3o presentes o presidente da entidade e diretores. Foto do Sismuc: Divulga\u00e7\u00e3o <\/p>\n<p>Seja seguidor do Instagram do Blog @blogdoedvaldomagalhaes<\/p>\n","protected":false},"excerpt":{"rendered":"<p>O Sismuc Regional Caruaru realizar\u00e1 na pr\u00f3xima sexta-feira (23), uma assembleia geral extraordin\u00e1ria com os servidores associados ativos, inativos e&hellip;<\/p>\n","protected":false},"author":1,"featured_media":105580,"comment_status":"closed","ping_status":"open","sticky":false,"template":"","format":"standard","meta":{"footnotes":""},"categories":[14120],"tags":[29440,2,28801,3406,29808],"class_list":["post-105578","post","type-post","status-publish","format-standard","has-post-thumbnail","hentry","category-noticias","tag-blog-com-mais-visualizacao","tag-blog-do-edvaldo-magalhaes","tag-blog-mais-acessado","tag-caruaru","tag-sismuc-regional-caruaru-realizara-assembleia-geral-nesta-sexta-feira-23"],"_links":{"self":[{"href":"https:\/\/blogdoedvaldomagalhaes.com.br\/index.php\/wp-json\/wp\/v2\/posts\/105578","targetHints":{"allow":["GET"]}}],"collection":[{"href":"https:\/\/blogdoedvaldomagalhaes.com.br\/index.php\/wp-json\/wp\/v2\/posts"}],"about":[{"href":"https:\/\/blogdoedvaldomagalhaes.com.br\/index.php\/wp-json\/wp\/v2\/types\/post"}],"author":[{"embeddable":true,"href":"https:\/\/blogdoedvaldomagalhaes.com.br\/index.php\/wp-json\/wp\/v2\/users\/1"}],"replies":[{"embeddable":true,"href":"https:\/\/blogdoedvaldomagalhaes.com.br\/index.php\/wp-json\/wp\/v2\/comments?post=105578"}],"version-history":[{"count":2,"href":"https:\/\/blogdoedvaldomagalhaes.com.br\/index.php\/wp-json\/wp\/v2\/posts\/105578\/revisions"}],"predecessor-version":[{"id":105581,"href":"https:\/\/blogdoedvaldomagalhaes.com.br\/index.php\/wp-json\/wp\/v2\/posts\/105578\/revisions\/105581"}],"wp:featuredmedia":[{"embeddable":true,"href":"https:\/\/blogdoedvaldomagalhaes.com.br\/index.php\/wp-json\/wp\/v2\/media\/105580"}],"wp:attachment":[{"href":"https:\/\/blogdoedvaldomagalhaes.com.br\/index.php\/wp-json\/wp\/v2\/media?parent=105578"}],"wp:term":[{"taxonomy":"category","embeddable":true,"href":"https:\/\/blogdoedvaldomagalhaes.com.br\/index.php\/wp-json\/wp\/v2\/categories?post=105578"},{"taxonomy":"post_tag","embeddable":true,"href":"https:\/\/blogdoedvaldomagalhaes.com.br\/index.php\/wp-json\/wp\/v2\/tags?post=105578"}],"curies":[{"name":"wp","href":"https:\/\/api.w.org\/{rel}","templated":true}]}}