{"id":105571,"date":"2024-02-19T15:57:47","date_gmt":"2024-02-19T18:57:47","guid":{"rendered":"https:\/\/blogdoedvaldomagalhaes.com.br\/?p=105571"},"modified":"2024-02-20T08:30:23","modified_gmt":"2024-02-20T11:30:23","slug":"jovem-e-assassinado-e-homem-e-esfaqueado-em-caruaru","status":"publish","type":"post","link":"https:\/\/blogdoedvaldomagalhaes.com.br\/index.php\/2024\/02\/19\/jovem-e-assassinado-e-homem-e-esfaqueado-em-caruaru\/","title":{"rendered":"Jovem \u00e9 assassinado, e homem \u00e9 esfaqueado em Caruaru"},"content":{"rendered":"<p>Um homic\u00eddio e uma tentativa de homic\u00eddio ocorreram na Vila Cip\u00f3, Zona Rural de Caruaru, na tarde desta segunda-feira (19.02). O jovem Daniel Eduardo Ferreira da Silva, 19 anos de idade, que morava no bairro S\u00e3o Francisco, foi assassinado com mais detalhes 10 tiros de pistola calibre 380. A genitora da v\u00edtima, Vanessa Cristina, informou que o filho dela era envolvido com o tr\u00e1fico de drogas e j\u00e1 esperava que esse fato viesse acontecer. O corpo ser\u00e1 encaminhado para o IML. Este foi o 10\u00b0 homic\u00eddio no m\u00eas de fevereiro, e o 19\u00b0 no ano de 2024, em Caruaru.<\/p>\n<p>Outro ato de viol\u00eancia que tamb\u00e9m ocorreu na Vila Cip\u00f3 e que n\u00e3o tem rela\u00e7\u00e3o com o homic\u00eddio, deixou Jos\u00e9 Carlos da Silva, 43 anos de idade, ferido. Ele foi esfaqueado pelas costas, sendo socorrido pelo SAMU e levado para o Hospital Regional do Agreste (HRA). Ele est\u00e1 fora de perigo. Foto: Reprodu\u00e7\u00e3o\/WhatsApp<\/p>\n<p>Seja seguidor do Instagram do Blog, para comentar @blogdoedvaldomagalhaes<\/p>\n","protected":false},"excerpt":{"rendered":"<p>Um homic\u00eddio e uma tentativa de homic\u00eddio ocorreram na Vila Cip\u00f3, Zona Rural de Caruaru, na tarde desta segunda-feira (19.02).&hellip;<\/p>\n","protected":false},"author":1,"featured_media":105572,"comment_status":"closed","ping_status":"open","sticky":false,"template":"","format":"standard","meta":{"footnotes":""},"categories":[14121],"tags":[29440,2,28801,3406,19163,29807],"class_list":["post-105571","post","type-post","status-publish","format-standard","has-post-thumbnail","hentry","category-policial","tag-blog-com-mais-visualizacao","tag-blog-do-edvaldo-magalhaes","tag-blog-mais-acessado","tag-caruaru","tag-homicidio-2","tag-jovem-e-assassinado-e-homem-e-esfaqueado-em-caruaru"],"_links":{"self":[{"href":"https:\/\/blogdoedvaldomagalhaes.com.br\/index.php\/wp-json\/wp\/v2\/posts\/105571","targetHints":{"allow":["GET"]}}],"collection":[{"href":"https:\/\/blogdoedvaldomagalhaes.com.br\/index.php\/wp-json\/wp\/v2\/posts"}],"about":[{"href":"https:\/\/blogdoedvaldomagalhaes.com.br\/index.php\/wp-json\/wp\/v2\/types\/post"}],"author":[{"embeddable":true,"href":"https:\/\/blogdoedvaldomagalhaes.com.br\/index.php\/wp-json\/wp\/v2\/users\/1"}],"replies":[{"embeddable":true,"href":"https:\/\/blogdoedvaldomagalhaes.com.br\/index.php\/wp-json\/wp\/v2\/comments?post=105571"}],"version-history":[{"count":4,"href":"https:\/\/blogdoedvaldomagalhaes.com.br\/index.php\/wp-json\/wp\/v2\/posts\/105571\/revisions"}],"predecessor-version":[{"id":105598,"href":"https:\/\/blogdoedvaldomagalhaes.com.br\/index.php\/wp-json\/wp\/v2\/posts\/105571\/revisions\/105598"}],"wp:featuredmedia":[{"embeddable":true,"href":"https:\/\/blogdoedvaldomagalhaes.com.br\/index.php\/wp-json\/wp\/v2\/media\/105572"}],"wp:attachment":[{"href":"https:\/\/blogdoedvaldomagalhaes.com.br\/index.php\/wp-json\/wp\/v2\/media?parent=105571"}],"wp:term":[{"taxonomy":"category","embeddable":true,"href":"https:\/\/blogdoedvaldomagalhaes.com.br\/index.php\/wp-json\/wp\/v2\/categories?post=105571"},{"taxonomy":"post_tag","embeddable":true,"href":"https:\/\/blogdoedvaldomagalhaes.com.br\/index.php\/wp-json\/wp\/v2\/tags?post=105571"}],"curies":[{"name":"wp","href":"https:\/\/api.w.org\/{rel}","templated":true}]}}