{"id":105565,"date":"2024-02-19T09:51:42","date_gmt":"2024-02-19T12:51:42","guid":{"rendered":"https:\/\/blogdoedvaldomagalhaes.com.br\/?p=105565"},"modified":"2024-02-19T09:51:43","modified_gmt":"2024-02-19T12:51:43","slug":"operacao-da-pf-contra-organizacao-criminosa-que-atuava-no-trafico-de-drogas-e-lavagem-de-dinheiro-no-litoral-sul","status":"publish","type":"post","link":"https:\/\/blogdoedvaldomagalhaes.com.br\/index.php\/2024\/02\/19\/operacao-da-pf-contra-organizacao-criminosa-que-atuava-no-trafico-de-drogas-e-lavagem-de-dinheiro-no-litoral-sul\/","title":{"rendered":"Opera\u00e7\u00e3o da PF contra Organiza\u00e7\u00e3o Criminosa que atuava no tr\u00e1fico de drogas e lavagem de dinheiro no Litoral Sul"},"content":{"rendered":"<p><span style=\"font-size: revert;\">A For\u00e7a Integrada de Combate ao Crime Organizado de Pernambuco (FICCO\/PE), deflagrou a Opera\u00e7\u00e3o Manguezais, destinada a reprimir a atua\u00e7\u00e3o de uma Organiza\u00e7\u00e3o Criminosa que atuava no tr\u00e1fico de drogas, lavagem de dinheiro e crimes conexos. A investiga\u00e7\u00e3o foi iniciada no final de 2022, tendo como foco um grupo chefiado por um presidi\u00e1rio, que j\u00e1 respondia a outros processos criminais e que estava dominando o tr\u00e1fico de drogas na regi\u00e3o de Rio Formoso, Tamandar\u00e9 e outras cidades do litoral sul de Pernambuco. Com o desenrolar das investiga\u00e7\u00f5es, chegou-se ao conhecimento das ramifica\u00e7\u00f5es da Organiza\u00e7\u00e3o, que possu\u00eda tent\u00e1culos nos Estados do *Rio Grande do Norte, Para\u00edba, Cear\u00e1, Minas Gerais e Mato Grosso*. Al\u00e9m disto, havia uma setoriza\u00e7\u00e3o das atividades criminosas, com alas dos grupos atuando diretamente no tr\u00e1fico, lavagem de dinheiro e na intimida\u00e7\u00e3o e guerra pelo dom\u00ednio de \u00e1reas onde estabeleceram pontos de vendas e drogas.<\/span><\/p>\n<p>Parte dos membros da Organiza\u00e7\u00e3o Criminosa encontra-se cumprindo pena em pres\u00eddios de Pernambuco, Cear\u00e1 e Para\u00edba, alguns deles presos ainda durante a fase de investiga\u00e7\u00f5es. Ap\u00f3s a finaliza\u00e7\u00e3o das investiga\u00e7\u00f5es, que demonstraram a participa\u00e7\u00e3o dos alvos da opera\u00e7\u00e3o nos crimes de Tr\u00e1fico de Drogas (5 a 15 anos) e Lavagem de Dinheiro (3 a 10 anos), foram expedidos pela Vara Criminal da Comarca de Rio Formoso\/PE Mandados de Busca e Apreens\u00e3o e de Pris\u00e3o Preventiva que resultaram na execu\u00e7\u00e3o de 13 (treze) Buscas Domiciliares (sendo 05 em outros Estados) e pris\u00e3o de 29 (vinte e nove) envolvidos, todos j\u00e1 encaminhados aos sistemas prisionais. Foram apreendidos durante as dilig\u00eancias 04 ve\u00edculos, incluindo uma BMW\/X1 S20I M SPORT 2023, 10 aparelhos celulares, um rev\u00f3lver calibre .38, uma r\u00e9plica de fuzil e R$ 112.000,00 (cento e doze mil reais) em esp\u00e9cie, com a realiza\u00e7\u00e3o de uma pris\u00e3o em flagrante.<\/p>\n<p>Como peculiaridades da opera\u00e7\u00e3o, durante os levantamentos foi poss\u00edvel detectar duas situa\u00e7\u00f5es de interesse, caracterizadas pelo projeto de um dos l\u00edderes de investir financeiramente na campanha pol\u00edtica de seu pr\u00f3prio pai para Prefeito de um munic\u00edpio da Mata Sul do Estado. Foi descoberto tamb\u00e9m um plano arquitetado no interior de um pres\u00eddio de Pernambuco para promover dist\u00farbios no Estado, principalmente na regi\u00e3o metropolitana do Recife, visando derrubar a c\u00fapula da Seguran\u00e7a P\u00fablica de Pernambuco em meados do ano passado, como repres\u00e1lia \u00e0s a\u00e7\u00f5es que a SDS\/PE vinha efetuando e que contrariavam os interesses de parte da Organiza\u00e7\u00e3o Criminosa.<\/p>\n<p>A For\u00e7a Integrada de Combate ao Crime Organizado em Pernambuco &#8211; FICCO &#8211; \u00e9 composta pela Pol\u00edcia Federal (PF), a Secretaria de Defesa Social de Pernambuco, atrav\u00e9s das pol\u00edcias Civil e Militar, a Secretaria de Ressocializa\u00e7\u00e3o de Pernambuco, atrav\u00e9s da Pol\u00edcia Penal, e a Pol\u00edcia Rodovi\u00e1ria Federal. A FICCO\/PE foi criada atrav\u00e9s de Acordo de Coopera\u00e7\u00e3o T\u00e9cnica, firmado em 2022, para atuar de forma conjunta na repress\u00e3o \u00e0 criminalidade violenta, conjugando esfor\u00e7os e a expertise de cada \u00f3rg\u00e3o, trabalhando em ambiente comum com compartilhamento de informa\u00e7\u00f5es e recursos materiais e humanos.<\/p>\n<p>Todas as a\u00e7\u00f5es tiveram in\u00edcio no dia 30\/01 e foram conclu\u00eddas na \u00faltima sexta-feira 18\/02 devido \u00e0 complexidade, capilaridade e tamanho de atua\u00e7\u00e3o da organiza\u00e7\u00e3o criminosa e ainda prossegue visando a capturas de outros envolvidos. Foto: Divulga\u00e7\u00e3o\/PF<\/p>\n<p>\u00a0<\/p>\n<p>Seja seguidor do Instagram do Blog, para comentar @blogdoedvaldomagalhaes<\/p>\n\n\n<p><\/p>\n","protected":false},"excerpt":{"rendered":"<p>A For\u00e7a Integrada de Combate ao Crime Organizado de Pernambuco (FICCO\/PE), deflagrou a Opera\u00e7\u00e3o Manguezais, destinada a reprimir a atua\u00e7\u00e3o&hellip;<\/p>\n","protected":false},"author":1,"featured_media":105566,"comment_status":"closed","ping_status":"open","sticky":false,"template":"","format":"standard","meta":{"footnotes":""},"categories":[14121],"tags":[29440,2,28801,3406,29805],"class_list":["post-105565","post","type-post","status-publish","format-standard","has-post-thumbnail","hentry","category-policial","tag-blog-com-mais-visualizacao","tag-blog-do-edvaldo-magalhaes","tag-blog-mais-acessado","tag-caruaru","tag-operacao-da-pf-contra-organizacao-criminosa-que-atuava-no-trafico-de-drogas-e-lavagem-de-dinheiro-no-litoral-sul"],"_links":{"self":[{"href":"https:\/\/blogdoedvaldomagalhaes.com.br\/index.php\/wp-json\/wp\/v2\/posts\/105565","targetHints":{"allow":["GET"]}}],"collection":[{"href":"https:\/\/blogdoedvaldomagalhaes.com.br\/index.php\/wp-json\/wp\/v2\/posts"}],"about":[{"href":"https:\/\/blogdoedvaldomagalhaes.com.br\/index.php\/wp-json\/wp\/v2\/types\/post"}],"author":[{"embeddable":true,"href":"https:\/\/blogdoedvaldomagalhaes.com.br\/index.php\/wp-json\/wp\/v2\/users\/1"}],"replies":[{"embeddable":true,"href":"https:\/\/blogdoedvaldomagalhaes.com.br\/index.php\/wp-json\/wp\/v2\/comments?post=105565"}],"version-history":[{"count":1,"href":"https:\/\/blogdoedvaldomagalhaes.com.br\/index.php\/wp-json\/wp\/v2\/posts\/105565\/revisions"}],"predecessor-version":[{"id":105567,"href":"https:\/\/blogdoedvaldomagalhaes.com.br\/index.php\/wp-json\/wp\/v2\/posts\/105565\/revisions\/105567"}],"wp:featuredmedia":[{"embeddable":true,"href":"https:\/\/blogdoedvaldomagalhaes.com.br\/index.php\/wp-json\/wp\/v2\/media\/105566"}],"wp:attachment":[{"href":"https:\/\/blogdoedvaldomagalhaes.com.br\/index.php\/wp-json\/wp\/v2\/media?parent=105565"}],"wp:term":[{"taxonomy":"category","embeddable":true,"href":"https:\/\/blogdoedvaldomagalhaes.com.br\/index.php\/wp-json\/wp\/v2\/categories?post=105565"},{"taxonomy":"post_tag","embeddable":true,"href":"https:\/\/blogdoedvaldomagalhaes.com.br\/index.php\/wp-json\/wp\/v2\/tags?post=105565"}],"curies":[{"name":"wp","href":"https:\/\/api.w.org\/{rel}","templated":true}]}}