{"id":105562,"date":"2024-02-19T09:16:34","date_gmt":"2024-02-19T12:16:34","guid":{"rendered":"https:\/\/blogdoedvaldomagalhaes.com.br\/?p=105562"},"modified":"2024-02-19T09:16:35","modified_gmt":"2024-02-19T12:16:35","slug":"prefeitura-de-caruaru-abre-selecao-para-familias-acolhedoras","status":"publish","type":"post","link":"https:\/\/blogdoedvaldomagalhaes.com.br\/index.php\/2024\/02\/19\/prefeitura-de-caruaru-abre-selecao-para-familias-acolhedoras\/","title":{"rendered":"Prefeitura de Caruaru abre sele\u00e7\u00e3o para fam\u00edlias acolhedoras"},"content":{"rendered":"<p>A Secretaria de Desenvolvimento Social e Direitos Humanos, lan\u00e7ou edital para a sele\u00e7\u00e3o de pessoas e fam\u00edlias interessadas em se tornar fam\u00edlias acolhedoras. Essa iniciativa, realizada por meio do cadastramento, avalia\u00e7\u00e3o e forma\u00e7\u00e3o pelo Servi\u00e7o de Acolhimento Familiar em Fam\u00edlia Acolhedora, est\u00e1 respaldada pela Lei Municipal n\u00b0 7.081, de 23 de outubro de 2023.<\/p>\n<p>O Acolhimento Familiar \u00e9 uma medida de prote\u00e7\u00e3o estabelecida no Estatuto da Crian\u00e7a e do Adolescente, destinada a crian\u00e7as e adolescentes cujos direitos fundamentais tenham sido amea\u00e7ados e\/ou violados, justificando seu afastamento tempor\u00e1rio e excepcional do conv\u00edvio com a fam\u00edlia de origem.<\/p>\n<p>O servi\u00e7o opera acolhendo temporariamente crian\u00e7as e adolescentes em resid\u00eancias de fam\u00edlias acolhedoras devidamente cadastradas e selecionadas por uma equipe t\u00e9cnica especializada. Essas fam\u00edlias s\u00e3o acompanhadas durante todo o processo, assim como a crian\u00e7a ou adolescente e sua fam\u00edlia de origem, at\u00e9 que seja vi\u00e1vel seu retorno \u00e0 fam\u00edlia de origem, \u00e0 fam\u00edlia extensa\/ampliada, ou, na impossibilidade, o encaminhamento para fam\u00edlia substituta.<\/p>\n<p>As fam\u00edlias interessadas em se cadastrar podem procurar a equipe do Servi\u00e7o de Fam\u00edlia Acolhedora na sede da Secretaria de Desenvolvimento Social e Direitos Humanos, localizada na Pra\u00e7a Pedro de Souza, 30 \u2013 Bairro Nossa Senhora das Dores. Para d\u00favidas ou mais informa\u00e7\u00f5es, podem entrar em contato tamb\u00e9m  pelo e-mail do servi\u00e7o: sfa.caruaru@gmail.com, ou protecaoespecialcaruaru@gmail.com. Al\u00e9m disso, d\u00favidas como: crit\u00e9rios para inscri\u00e7\u00e3o; documenta\u00e7\u00e3o necess\u00e1ria; processo de sele\u00e7\u00e3o; entrega de documentos, e outros, podem ser acessados no site da Prefeitura de Caruaru, no Di\u00e1rio Oficial do dia 09 de fevereiro.<\/p>\n<p>Seja seguidor do Instagram do Blog para comentar @blogdoedvaldomagalhaes<\/p>\n","protected":false},"excerpt":{"rendered":"<p>A Secretaria de Desenvolvimento Social e Direitos Humanos, lan\u00e7ou edital para a sele\u00e7\u00e3o de pessoas e fam\u00edlias interessadas em se&hellip;<\/p>\n","protected":false},"author":1,"featured_media":105563,"comment_status":"closed","ping_status":"open","sticky":false,"template":"","format":"standard","meta":{"footnotes":""},"categories":[14120],"tags":[29440,2,28801,3406,29804],"class_list":["post-105562","post","type-post","status-publish","format-standard","has-post-thumbnail","hentry","category-noticias","tag-blog-com-mais-visualizacao","tag-blog-do-edvaldo-magalhaes","tag-blog-mais-acessado","tag-caruaru","tag-prefeitura-de-caruaru-abre-selecao-para-familias-acolhedoras"],"_links":{"self":[{"href":"https:\/\/blogdoedvaldomagalhaes.com.br\/index.php\/wp-json\/wp\/v2\/posts\/105562","targetHints":{"allow":["GET"]}}],"collection":[{"href":"https:\/\/blogdoedvaldomagalhaes.com.br\/index.php\/wp-json\/wp\/v2\/posts"}],"about":[{"href":"https:\/\/blogdoedvaldomagalhaes.com.br\/index.php\/wp-json\/wp\/v2\/types\/post"}],"author":[{"embeddable":true,"href":"https:\/\/blogdoedvaldomagalhaes.com.br\/index.php\/wp-json\/wp\/v2\/users\/1"}],"replies":[{"embeddable":true,"href":"https:\/\/blogdoedvaldomagalhaes.com.br\/index.php\/wp-json\/wp\/v2\/comments?post=105562"}],"version-history":[{"count":1,"href":"https:\/\/blogdoedvaldomagalhaes.com.br\/index.php\/wp-json\/wp\/v2\/posts\/105562\/revisions"}],"predecessor-version":[{"id":105564,"href":"https:\/\/blogdoedvaldomagalhaes.com.br\/index.php\/wp-json\/wp\/v2\/posts\/105562\/revisions\/105564"}],"wp:featuredmedia":[{"embeddable":true,"href":"https:\/\/blogdoedvaldomagalhaes.com.br\/index.php\/wp-json\/wp\/v2\/media\/105563"}],"wp:attachment":[{"href":"https:\/\/blogdoedvaldomagalhaes.com.br\/index.php\/wp-json\/wp\/v2\/media?parent=105562"}],"wp:term":[{"taxonomy":"category","embeddable":true,"href":"https:\/\/blogdoedvaldomagalhaes.com.br\/index.php\/wp-json\/wp\/v2\/categories?post=105562"},{"taxonomy":"post_tag","embeddable":true,"href":"https:\/\/blogdoedvaldomagalhaes.com.br\/index.php\/wp-json\/wp\/v2\/tags?post=105562"}],"curies":[{"name":"wp","href":"https:\/\/api.w.org\/{rel}","templated":true}]}}