{"id":105559,"date":"2024-02-19T09:07:43","date_gmt":"2024-02-19T12:07:43","guid":{"rendered":"https:\/\/blogdoedvaldomagalhaes.com.br\/?p=105559"},"modified":"2024-02-19T09:08:01","modified_gmt":"2024-02-19T12:08:01","slug":"hmv-ira-participar-do-projeto-de-estrategia-multimodal-melhoria-da-higienizacao-das-maos-2024","status":"publish","type":"post","link":"https:\/\/blogdoedvaldomagalhaes.com.br\/index.php\/2024\/02\/19\/hmv-ira-participar-do-projeto-de-estrategia-multimodal-melhoria-da-higienizacao-das-maos-2024\/","title":{"rendered":"HMV ir\u00e1 participar do Projeto de Estrat\u00e9gia Multimodal Melhoria da Higieniza\u00e7\u00e3o das M\u00e3os 2024"},"content":{"rendered":"<p>O Hospital Mestre Vitalino (HMV) foi aprovado no Projeto de Implanta\u00e7\u00e3o Nacional da Estrat\u00e9gia Multimodal de Melhoria da Higiene das M\u00e3os em Servi\u00e7os de Sa\u00fade para a Seguran\u00e7a do Paciente 2024. A correta higiene das m\u00e3os pode contribuir para a redu\u00e7\u00e3o nas taxas das IRAS e na transmiss\u00e3o de microrganismos multirresistentes. Sendo assim, a higiene das m\u00e3os e\u0301 considerada uma medida de grande impacto para a melhoria da seguran\u00e7a do paciente e da qualidade dos servi\u00e7os de sa\u00fade.<\/p>\n<p>No HMV, o setor escolhido para sediar este projeto ser\u00e1 a UTI 1. As a\u00e7\u00f5es ser\u00e3o iniciadas neste m\u00eas de fevereiro com t\u00e9rmino previsto em julho de 2024. A higiene das m\u00e3os constituiu o primeiro Desafio Global para a Seguran\u00e7a do Paciente lan\u00e7ado pela Organiza\u00e7\u00e3o Mundial de Sa\u00fade &#8211; OMS (Alian\u00e7a Mundial para a Seguran\u00e7a do Paciente) em 2005, com o objetivo de reduzir os riscos associados a\u0300s IRAS, tendo como lema \u201cUma Assist\u00eancia Limpa e\u0301 uma Assiste\u0302ncia mais Segura\u201d.<br \/>\nFoto: Divulga\u00e7\u00e3o <\/p>\n<p>Seja seguidor do Instagram do Blog para comentar @blogdoedvaldomagalhaes<\/p>\n","protected":false},"excerpt":{"rendered":"<p>O Hospital Mestre Vitalino (HMV) foi aprovado no Projeto de Implanta\u00e7\u00e3o Nacional da Estrat\u00e9gia Multimodal de Melhoria da Higiene das&hellip;<\/p>\n","protected":false},"author":1,"featured_media":105560,"comment_status":"closed","ping_status":"open","sticky":false,"template":"","format":"standard","meta":{"footnotes":""},"categories":[14120],"tags":[29440,2,28801,3406,29803],"class_list":["post-105559","post","type-post","status-publish","format-standard","has-post-thumbnail","hentry","category-noticias","tag-blog-com-mais-visualizacao","tag-blog-do-edvaldo-magalhaes","tag-blog-mais-acessado","tag-caruaru","tag-hmv-ira-participar-do-projeto-de-estrategia-multimodal-melhoria-da-higienizacao-das-maos-2024"],"_links":{"self":[{"href":"https:\/\/blogdoedvaldomagalhaes.com.br\/index.php\/wp-json\/wp\/v2\/posts\/105559","targetHints":{"allow":["GET"]}}],"collection":[{"href":"https:\/\/blogdoedvaldomagalhaes.com.br\/index.php\/wp-json\/wp\/v2\/posts"}],"about":[{"href":"https:\/\/blogdoedvaldomagalhaes.com.br\/index.php\/wp-json\/wp\/v2\/types\/post"}],"author":[{"embeddable":true,"href":"https:\/\/blogdoedvaldomagalhaes.com.br\/index.php\/wp-json\/wp\/v2\/users\/1"}],"replies":[{"embeddable":true,"href":"https:\/\/blogdoedvaldomagalhaes.com.br\/index.php\/wp-json\/wp\/v2\/comments?post=105559"}],"version-history":[{"count":1,"href":"https:\/\/blogdoedvaldomagalhaes.com.br\/index.php\/wp-json\/wp\/v2\/posts\/105559\/revisions"}],"predecessor-version":[{"id":105561,"href":"https:\/\/blogdoedvaldomagalhaes.com.br\/index.php\/wp-json\/wp\/v2\/posts\/105559\/revisions\/105561"}],"wp:featuredmedia":[{"embeddable":true,"href":"https:\/\/blogdoedvaldomagalhaes.com.br\/index.php\/wp-json\/wp\/v2\/media\/105560"}],"wp:attachment":[{"href":"https:\/\/blogdoedvaldomagalhaes.com.br\/index.php\/wp-json\/wp\/v2\/media?parent=105559"}],"wp:term":[{"taxonomy":"category","embeddable":true,"href":"https:\/\/blogdoedvaldomagalhaes.com.br\/index.php\/wp-json\/wp\/v2\/categories?post=105559"},{"taxonomy":"post_tag","embeddable":true,"href":"https:\/\/blogdoedvaldomagalhaes.com.br\/index.php\/wp-json\/wp\/v2\/tags?post=105559"}],"curies":[{"name":"wp","href":"https:\/\/api.w.org\/{rel}","templated":true}]}}