{"id":105555,"date":"2024-02-19T08:32:33","date_gmt":"2024-02-19T11:32:33","guid":{"rendered":"https:\/\/blogdoedvaldomagalhaes.com.br\/?p=105555"},"modified":"2024-02-19T08:34:13","modified_gmt":"2024-02-19T11:34:13","slug":"vereador-jorge-quintino-convoca-a-populacao-para-abraco-simbolico-em-defesa-do-hospital-regional-jesus-nazareno-em-caruaru","status":"publish","type":"post","link":"https:\/\/blogdoedvaldomagalhaes.com.br\/index.php\/2024\/02\/19\/vereador-jorge-quintino-convoca-a-populacao-para-abraco-simbolico-em-defesa-do-hospital-regional-jesus-nazareno-em-caruaru\/","title":{"rendered":"Vereador Jorge Quintino convoca a popula\u00e7\u00e3o para abra\u00e7o simb\u00f3lico em defesa do Hospital Regional Jesus Nazareno em Caruaru"},"content":{"rendered":"<p>Em sua fala na quinta-feira (15.02), durante a Sess\u00e3o Ordin\u00e1ria, o vereador Jorge Quintino convidou toda popula\u00e7\u00e3o para lutar contra o fechamento da FUSAM, atrav\u00e9s de uma manifesta\u00e7\u00e3o que ser\u00e1 realizada nesta segunda, 19, em conjunto com a Loja Ma\u00e7\u00f4nica Dever e Humanidade.<br \/>\nO ato p\u00fablico acontecer\u00e1 \u00e0s 11 da manh\u00e3 e reunir\u00e1 diversas entidades representativas da sa\u00fade para mostrar indigna\u00e7\u00e3o e a necessidade da manuten\u00e7\u00e3o dessa unidade de sa\u00fade, haver\u00e1 esse ato de protesto, cujo objetivo principal \u00e9 conseguir o melhoramento de toda a estrutura, bem como a promo\u00e7\u00e3o de assist\u00eancia adequada para as gestantes do Agreste, seus familiares e beb\u00eas. Foto: Vladimir Barreto<\/p>\n<p>Seja seguidor do Instagram do Blog para comentar @blogdoedvaldomagalhaes<\/p>\n","protected":false},"excerpt":{"rendered":"<p>Em sua fala na quinta-feira (15.02), durante a Sess\u00e3o Ordin\u00e1ria, o vereador Jorge Quintino convidou toda popula\u00e7\u00e3o para lutar contra&hellip;<\/p>\n","protected":false},"author":1,"featured_media":105556,"comment_status":"closed","ping_status":"open","sticky":false,"template":"","format":"standard","meta":{"footnotes":""},"categories":[14122],"tags":[29440,28801,3406,20,29802],"class_list":["post-105555","post","type-post","status-publish","format-standard","has-post-thumbnail","hentry","category-politica","tag-blog-com-mais-visualizacao","tag-blog-mais-acessado","tag-caruaru","tag-politica","tag-vereador-jorge-quintino-convoca-a-populacao-para-abraco-simbolico-em-defesa-do-hospital-regional-jesus-nazareno-em-caruaru"],"_links":{"self":[{"href":"https:\/\/blogdoedvaldomagalhaes.com.br\/index.php\/wp-json\/wp\/v2\/posts\/105555","targetHints":{"allow":["GET"]}}],"collection":[{"href":"https:\/\/blogdoedvaldomagalhaes.com.br\/index.php\/wp-json\/wp\/v2\/posts"}],"about":[{"href":"https:\/\/blogdoedvaldomagalhaes.com.br\/index.php\/wp-json\/wp\/v2\/types\/post"}],"author":[{"embeddable":true,"href":"https:\/\/blogdoedvaldomagalhaes.com.br\/index.php\/wp-json\/wp\/v2\/users\/1"}],"replies":[{"embeddable":true,"href":"https:\/\/blogdoedvaldomagalhaes.com.br\/index.php\/wp-json\/wp\/v2\/comments?post=105555"}],"version-history":[{"count":2,"href":"https:\/\/blogdoedvaldomagalhaes.com.br\/index.php\/wp-json\/wp\/v2\/posts\/105555\/revisions"}],"predecessor-version":[{"id":105558,"href":"https:\/\/blogdoedvaldomagalhaes.com.br\/index.php\/wp-json\/wp\/v2\/posts\/105555\/revisions\/105558"}],"wp:featuredmedia":[{"embeddable":true,"href":"https:\/\/blogdoedvaldomagalhaes.com.br\/index.php\/wp-json\/wp\/v2\/media\/105556"}],"wp:attachment":[{"href":"https:\/\/blogdoedvaldomagalhaes.com.br\/index.php\/wp-json\/wp\/v2\/media?parent=105555"}],"wp:term":[{"taxonomy":"category","embeddable":true,"href":"https:\/\/blogdoedvaldomagalhaes.com.br\/index.php\/wp-json\/wp\/v2\/categories?post=105555"},{"taxonomy":"post_tag","embeddable":true,"href":"https:\/\/blogdoedvaldomagalhaes.com.br\/index.php\/wp-json\/wp\/v2\/tags?post=105555"}],"curies":[{"name":"wp","href":"https:\/\/api.w.org\/{rel}","templated":true}]}}