{"id":105552,"date":"2024-02-18T22:18:55","date_gmt":"2024-02-19T01:18:55","guid":{"rendered":"https:\/\/blogdoedvaldomagalhaes.com.br\/?p=105552"},"modified":"2024-02-18T22:18:56","modified_gmt":"2024-02-19T01:18:56","slug":"morre-empresario-abilio-diniz-vitima-de-pneumonia","status":"publish","type":"post","link":"https:\/\/blogdoedvaldomagalhaes.com.br\/index.php\/2024\/02\/18\/morre-empresario-abilio-diniz-vitima-de-pneumonia\/","title":{"rendered":"Morre empres\u00e1rio Ab\u00edlio Diniz v\u00edtima de pneumonia"},"content":{"rendered":"\n<p><\/p>\n\n\n<p>Um dos empres\u00e1rios mais conhecidos do pa\u00eds, Abilio Diniz estava internado no hospital Albert Einstein, em S\u00e3o Paulo, tratando uma pneumonia. Abilio Diniz perdeu a vida na noite deste domingo (18\/2) aos 87 anos. Ele estava internado h\u00e1 mais de duas semanas tratando uma pneumonia. A informa\u00e7\u00e3o foi confirmada pela fam\u00edlia.<br \/>\u201c\u00c9 com extremo pesar que a fam\u00edlia Diniz informa o falecimento de Abilio Diniz aos 87 anos neste domingo, 18 de fevereiro de 2024, v\u00edtima de insufici\u00eancia respirat\u00f3ria em fun\u00e7\u00e3o de uma pneumonite. O empres\u00e1rio deixa cinco filhos, esposa, netos e bisnetos, e ir\u00e1 ao encontro do seu filho Jo\u00e3o Paulo, falecido em 2022. Desde j\u00e1, a fam\u00edlia agradece a todas as mensagens de apoio e carinho\u201d, diz a fam\u00edlia em nota.<\/p>\n<p>Ex-s\u00f3cio do Grupo P\u00e3o de A\u00e7\u00facar (GPA), do qual foi fundador, e com patrim\u00f4nio estimado em R$ 12 bilh\u00f5es, Abilio Diniz \u00e9 vice-presidente do conselho administrativo do Carrefour no Brasil, s\u00f3cio majorit\u00e1rio das Casas Bahia e um dos empres\u00e1rios mais conhecidos do pa\u00eds.<\/p>\n<p>Foto: Reprodu\u00e7\u00e3o\/Redes Sociais.<\/p>\n<p>\u00a0<\/p>\n<p>Seja seguidor do Instagram do Blog @blogdoedvaldomagalhaes<\/p>","protected":false},"excerpt":{"rendered":"<p>Um dos empres\u00e1rios mais conhecidos do pa\u00eds, Abilio Diniz estava internado no hospital Albert Einstein, em S\u00e3o Paulo, tratando uma&hellip;<\/p>\n","protected":false},"author":1,"featured_media":105553,"comment_status":"closed","ping_status":"open","sticky":false,"template":"","format":"standard","meta":{"footnotes":""},"categories":[14120],"tags":[29440,2,28801,3406,29800],"class_list":["post-105552","post","type-post","status-publish","format-standard","has-post-thumbnail","hentry","category-noticias","tag-blog-com-mais-visualizacao","tag-blog-do-edvaldo-magalhaes","tag-blog-mais-acessado","tag-caruaru","tag-morre-empresario-abilio-diniz-vitima-de-pneumonia"],"_links":{"self":[{"href":"https:\/\/blogdoedvaldomagalhaes.com.br\/index.php\/wp-json\/wp\/v2\/posts\/105552","targetHints":{"allow":["GET"]}}],"collection":[{"href":"https:\/\/blogdoedvaldomagalhaes.com.br\/index.php\/wp-json\/wp\/v2\/posts"}],"about":[{"href":"https:\/\/blogdoedvaldomagalhaes.com.br\/index.php\/wp-json\/wp\/v2\/types\/post"}],"author":[{"embeddable":true,"href":"https:\/\/blogdoedvaldomagalhaes.com.br\/index.php\/wp-json\/wp\/v2\/users\/1"}],"replies":[{"embeddable":true,"href":"https:\/\/blogdoedvaldomagalhaes.com.br\/index.php\/wp-json\/wp\/v2\/comments?post=105552"}],"version-history":[{"count":1,"href":"https:\/\/blogdoedvaldomagalhaes.com.br\/index.php\/wp-json\/wp\/v2\/posts\/105552\/revisions"}],"predecessor-version":[{"id":105554,"href":"https:\/\/blogdoedvaldomagalhaes.com.br\/index.php\/wp-json\/wp\/v2\/posts\/105552\/revisions\/105554"}],"wp:featuredmedia":[{"embeddable":true,"href":"https:\/\/blogdoedvaldomagalhaes.com.br\/index.php\/wp-json\/wp\/v2\/media\/105553"}],"wp:attachment":[{"href":"https:\/\/blogdoedvaldomagalhaes.com.br\/index.php\/wp-json\/wp\/v2\/media?parent=105552"}],"wp:term":[{"taxonomy":"category","embeddable":true,"href":"https:\/\/blogdoedvaldomagalhaes.com.br\/index.php\/wp-json\/wp\/v2\/categories?post=105552"},{"taxonomy":"post_tag","embeddable":true,"href":"https:\/\/blogdoedvaldomagalhaes.com.br\/index.php\/wp-json\/wp\/v2\/tags?post=105552"}],"curies":[{"name":"wp","href":"https:\/\/api.w.org\/{rel}","templated":true}]}}