{"id":105546,"date":"2024-02-18T15:18:47","date_gmt":"2024-02-18T18:18:47","guid":{"rendered":"https:\/\/blogdoedvaldomagalhaes.com.br\/?p=105546"},"modified":"2024-02-18T15:18:48","modified_gmt":"2024-02-18T18:18:48","slug":"bebe-e-morto-com-tiro-na-cabeca-dentro-de-casa-e-criminosos-procuravam-tio-da-vitima","status":"publish","type":"post","link":"https:\/\/blogdoedvaldomagalhaes.com.br\/index.php\/2024\/02\/18\/bebe-e-morto-com-tiro-na-cabeca-dentro-de-casa-e-criminosos-procuravam-tio-da-vitima\/","title":{"rendered":"\u00a0Beb\u00ea \u00e9 morto com tiro na cabe\u00e7a dentro de casa, e criminosos procuravam tio da v\u00edtima"},"content":{"rendered":"<p>Uma morte revoltou e causou terror na cidade de Itamarac\u00e1, litoral norte de Pernambuco. No final da noite desta \u00faltima sexta-feira, 16, criminosos armados invadiram uma casa em busca de um homem, e como n\u00e3o encontraram ele, decidiram assassinar um beb\u00ea de apenas 9 meses.<\/p>\n<p>A atrocidade foi registrada em Los Angeles, comunidade de Roque Santeiro, bairro do Pilar, em Itamarac\u00e1. O beb\u00ea foi identificado como <strong>Gael Louren\u00e7o Fran\u00e7a do Carmo<\/strong> (foto). A m\u00e3e e a av\u00f3 da v\u00edtima precisaram ser socorridas, pois tamb\u00e9m foram baleadas. Ambas seguem internadas sem previs\u00e3o de alta. Al\u00e9m das duas mulheres, um rapaz com defici\u00eancia intelectual tamb\u00e9m foi baleado por pura maldade e socorrido para emerg\u00eancia m\u00e9dica.<\/p>\n<p>O tiro atingiu a cabe\u00e7a do beb\u00ea, que morreu na hora. O alvo dos criminosos seria o tio da crian\u00e7a, que seria usu\u00e1rio de drogas e j\u00e1 havia sido apreendido por ato an\u00e1logo ao tr\u00e1fico de drogas. O corpo do beb\u00ea foi encaminhado ao IML do RecifeDevido os atos de viol\u00eancia ocorridos na cidade, a prefeitura da Ilha de Itamarac\u00e1 decretou luto oficial de tr\u00eas dias. Um evento de ressaca de carnaval marcado para este s\u00e1bado foi cancelado e outra data ser\u00e1 divulgada.<\/p>\n","protected":false},"excerpt":{"rendered":"<p>Uma morte revoltou e causou terror na cidade de Itamarac\u00e1, litoral norte de Pernambuco. No final da noite desta \u00faltima&hellip;<\/p>\n","protected":false},"author":1,"featured_media":105547,"comment_status":"closed","ping_status":"open","sticky":false,"template":"","format":"standard","meta":{"footnotes":""},"categories":[14121],"tags":[29798,29440,2,28801,3406,5448],"class_list":["post-105546","post","type-post","status-publish","format-standard","has-post-thumbnail","hentry","category-policial","tag-bebe-e-morto-com-tiro-na-cabeca-e-criminosos-procuravam-tio-da-vitima","tag-blog-com-mais-visualizacao","tag-blog-do-edvaldo-magalhaes","tag-blog-mais-acessado","tag-caruaru","tag-homicidio"],"_links":{"self":[{"href":"https:\/\/blogdoedvaldomagalhaes.com.br\/index.php\/wp-json\/wp\/v2\/posts\/105546","targetHints":{"allow":["GET"]}}],"collection":[{"href":"https:\/\/blogdoedvaldomagalhaes.com.br\/index.php\/wp-json\/wp\/v2\/posts"}],"about":[{"href":"https:\/\/blogdoedvaldomagalhaes.com.br\/index.php\/wp-json\/wp\/v2\/types\/post"}],"author":[{"embeddable":true,"href":"https:\/\/blogdoedvaldomagalhaes.com.br\/index.php\/wp-json\/wp\/v2\/users\/1"}],"replies":[{"embeddable":true,"href":"https:\/\/blogdoedvaldomagalhaes.com.br\/index.php\/wp-json\/wp\/v2\/comments?post=105546"}],"version-history":[{"count":1,"href":"https:\/\/blogdoedvaldomagalhaes.com.br\/index.php\/wp-json\/wp\/v2\/posts\/105546\/revisions"}],"predecessor-version":[{"id":105548,"href":"https:\/\/blogdoedvaldomagalhaes.com.br\/index.php\/wp-json\/wp\/v2\/posts\/105546\/revisions\/105548"}],"wp:featuredmedia":[{"embeddable":true,"href":"https:\/\/blogdoedvaldomagalhaes.com.br\/index.php\/wp-json\/wp\/v2\/media\/105547"}],"wp:attachment":[{"href":"https:\/\/blogdoedvaldomagalhaes.com.br\/index.php\/wp-json\/wp\/v2\/media?parent=105546"}],"wp:term":[{"taxonomy":"category","embeddable":true,"href":"https:\/\/blogdoedvaldomagalhaes.com.br\/index.php\/wp-json\/wp\/v2\/categories?post=105546"},{"taxonomy":"post_tag","embeddable":true,"href":"https:\/\/blogdoedvaldomagalhaes.com.br\/index.php\/wp-json\/wp\/v2\/tags?post=105546"}],"curies":[{"name":"wp","href":"https:\/\/api.w.org\/{rel}","templated":true}]}}