{"id":105536,"date":"2024-02-18T09:16:50","date_gmt":"2024-02-18T12:16:50","guid":{"rendered":"https:\/\/blogdoedvaldomagalhaes.com.br\/?p=105536"},"modified":"2024-02-18T14:51:31","modified_gmt":"2024-02-18T17:51:31","slug":"motociclista-e-assassinado-a-tiros-em-caruaru","status":"publish","type":"post","link":"https:\/\/blogdoedvaldomagalhaes.com.br\/index.php\/2024\/02\/18\/motociclista-e-assassinado-a-tiros-em-caruaru\/","title":{"rendered":"Motociclista \u00e9 assassinado a tiros em Caruaru"},"content":{"rendered":"<p>Um homic\u00eddio foi registrado na noite desse s\u00e1bado (18.02), na Vila Rafael, 2\u2022 Distrito de Caruaru. O ex-presidi\u00e1rio Cristiano Jos\u00e9 da Silva, conhecido como \u201cCabe\u00e7a (foto abaixo), que estava em uma motocicleta, assistiu um espet\u00e1culo circense e ao sair foi assassinado a tiros.<\/p>\n<p>A Pol\u00edcia Militar realizou o isolamento da \u00e1rea, \u00a0e a equipe da For\u00e7a Tarefa de Homic\u00eddios colheu depoimentos de vizinhos, acompanhou a per\u00edcia que foi realizada pelo Instituto de Criminal\u00edstica &#8211; IC e encaminhou o corpo para o IML.<\/p>\n<p>Este foi o 9\u00ba homic\u00eddio no m\u00eas de fevereiro, e o 18\u00ba do ano de 2024 no munic\u00edpio de Caruaru. Foto: Reprodu\u00e7\u00e3o\/WhatsAap<\/p>\n<p>Seja seguidor do Instagram do Blog para comentar @blogdoedvaldomagalhaes<\/p>\n\n\n<figure class=\"wp-block-image size-large\"><img loading=\"lazy\" decoding=\"async\" width=\"800\" height=\"1024\" src=\"https:\/\/blogdoedvaldomagalhaes.com.br\/wp-content\/uploads\/2024\/02\/de016730-3435-47f8-8044-967b9f060c54-800x1024.jpeg\" alt=\"\" class=\"wp-image-105544\" srcset=\"https:\/\/blogdoedvaldomagalhaes.com.br\/wp-content\/uploads\/2024\/02\/de016730-3435-47f8-8044-967b9f060c54-800x1024.jpeg 800w, https:\/\/blogdoedvaldomagalhaes.com.br\/wp-content\/uploads\/2024\/02\/de016730-3435-47f8-8044-967b9f060c54-234x300.jpeg 234w, https:\/\/blogdoedvaldomagalhaes.com.br\/wp-content\/uploads\/2024\/02\/de016730-3435-47f8-8044-967b9f060c54-768x983.jpeg 768w, https:\/\/blogdoedvaldomagalhaes.com.br\/wp-content\/uploads\/2024\/02\/de016730-3435-47f8-8044-967b9f060c54.jpeg 844w\" sizes=\"auto, (max-width: 800px) 100vw, 800px\" \/><\/figure>\n","protected":false},"excerpt":{"rendered":"<p>Um homic\u00eddio foi registrado na noite desse s\u00e1bado (18.02), na Vila Rafael, 2\u2022 Distrito de Caruaru. O ex-presidi\u00e1rio Cristiano Jos\u00e9&hellip;<\/p>\n","protected":false},"author":1,"featured_media":105541,"comment_status":"closed","ping_status":"open","sticky":false,"template":"","format":"standard","meta":{"footnotes":""},"categories":[14121],"tags":[2,28801,3406,29797],"class_list":["post-105536","post","type-post","status-publish","format-standard","has-post-thumbnail","hentry","category-policial","tag-blog-do-edvaldo-magalhaes","tag-blog-mais-acessado","tag-caruaru","tag-motociclista-e-assassinado-a-tiros-em-caruaru"],"_links":{"self":[{"href":"https:\/\/blogdoedvaldomagalhaes.com.br\/index.php\/wp-json\/wp\/v2\/posts\/105536","targetHints":{"allow":["GET"]}}],"collection":[{"href":"https:\/\/blogdoedvaldomagalhaes.com.br\/index.php\/wp-json\/wp\/v2\/posts"}],"about":[{"href":"https:\/\/blogdoedvaldomagalhaes.com.br\/index.php\/wp-json\/wp\/v2\/types\/post"}],"author":[{"embeddable":true,"href":"https:\/\/blogdoedvaldomagalhaes.com.br\/index.php\/wp-json\/wp\/v2\/users\/1"}],"replies":[{"embeddable":true,"href":"https:\/\/blogdoedvaldomagalhaes.com.br\/index.php\/wp-json\/wp\/v2\/comments?post=105536"}],"version-history":[{"count":4,"href":"https:\/\/blogdoedvaldomagalhaes.com.br\/index.php\/wp-json\/wp\/v2\/posts\/105536\/revisions"}],"predecessor-version":[{"id":105545,"href":"https:\/\/blogdoedvaldomagalhaes.com.br\/index.php\/wp-json\/wp\/v2\/posts\/105536\/revisions\/105545"}],"wp:featuredmedia":[{"embeddable":true,"href":"https:\/\/blogdoedvaldomagalhaes.com.br\/index.php\/wp-json\/wp\/v2\/media\/105541"}],"wp:attachment":[{"href":"https:\/\/blogdoedvaldomagalhaes.com.br\/index.php\/wp-json\/wp\/v2\/media?parent=105536"}],"wp:term":[{"taxonomy":"category","embeddable":true,"href":"https:\/\/blogdoedvaldomagalhaes.com.br\/index.php\/wp-json\/wp\/v2\/categories?post=105536"},{"taxonomy":"post_tag","embeddable":true,"href":"https:\/\/blogdoedvaldomagalhaes.com.br\/index.php\/wp-json\/wp\/v2\/tags?post=105536"}],"curies":[{"name":"wp","href":"https:\/\/api.w.org\/{rel}","templated":true}]}}