{"id":105533,"date":"2024-02-17T11:22:48","date_gmt":"2024-02-17T14:22:48","guid":{"rendered":"https:\/\/blogdoedvaldomagalhaes.com.br\/?p=105533"},"modified":"2024-02-17T11:22:49","modified_gmt":"2024-02-17T14:22:49","slug":"dupla-e-detida-com-cocaina-avaliada-em-r2-milhoes-que-estava-em-carro","status":"publish","type":"post","link":"https:\/\/blogdoedvaldomagalhaes.com.br\/index.php\/2024\/02\/17\/dupla-e-detida-com-cocaina-avaliada-em-r2-milhoes-que-estava-em-carro\/","title":{"rendered":"Dupla \u00e9 detida com coca\u00edna avaliada em R$2 milh\u00f5es, que estava em carro"},"content":{"rendered":"<p>Dois homens que transportavam 11 Kg de coca\u00edna avaliados em cerca de R$2 milh\u00f5es foram detidos, na sexta-feira (16), pela Pol\u00edcia Rodovi\u00e1ria Federal (PRF), na BR 101, em Jaboat\u00e3o dos Guararapes, no Grande Recife. A droga estava dividida em tabletes e era transportada pr\u00f3ximo ao estepe de um carro.<\/p>\n<p>Policiais realizavam uma fiscaliza\u00e7\u00e3o no Km 81 da rodovia, quando abordaram um carro com placas do Mercosul. O motorista e o passageiro estavam bastante nervosos e chamaram a aten\u00e7\u00e3o da equipe.<\/p>\n<p>Ao ser perguntado sobre a documenta\u00e7\u00e3o pessoal, o condutor alegou que n\u00e3o possu\u00eda, pois havia sido roubado em S\u00e3o Paulo. Quando os policiais abriram o porta-malas do ve\u00edculo, encontraram 10 tabletes de coca\u00edna embalada com fita isolante.<\/p>\n<p>Os homens n\u00e3o informaram onde haviam pego a droga nem onde iriam entreg\u00e1-la. Eles foram encaminhados ao Departamento de Repress\u00e3o ao Narcotr\u00e1fico (Denarc), na \u00e1rea central do Recife, e podem responder por tr\u00e1fico de drogas. Foto: PRF<\/p>\n<p>Seja seguidor do Instagram do Blog @blogdoedvaldomagalhaes<\/p>\n","protected":false},"excerpt":{"rendered":"<p>Dois homens que transportavam 11 Kg de coca\u00edna avaliados em cerca de R$2 milh\u00f5es foram detidos, na sexta-feira (16), pela&hellip;<\/p>\n","protected":false},"author":1,"featured_media":105534,"comment_status":"closed","ping_status":"open","sticky":false,"template":"","format":"standard","meta":{"footnotes":""},"categories":[14121],"tags":[29440,2,28801,3406,29796],"class_list":["post-105533","post","type-post","status-publish","format-standard","has-post-thumbnail","hentry","category-policial","tag-blog-com-mais-visualizacao","tag-blog-do-edvaldo-magalhaes","tag-blog-mais-acessado","tag-caruaru","tag-dupla-e-detida-com-cocaina-avaliada-em-r2-milhoes-dentro-de-carro"],"_links":{"self":[{"href":"https:\/\/blogdoedvaldomagalhaes.com.br\/index.php\/wp-json\/wp\/v2\/posts\/105533","targetHints":{"allow":["GET"]}}],"collection":[{"href":"https:\/\/blogdoedvaldomagalhaes.com.br\/index.php\/wp-json\/wp\/v2\/posts"}],"about":[{"href":"https:\/\/blogdoedvaldomagalhaes.com.br\/index.php\/wp-json\/wp\/v2\/types\/post"}],"author":[{"embeddable":true,"href":"https:\/\/blogdoedvaldomagalhaes.com.br\/index.php\/wp-json\/wp\/v2\/users\/1"}],"replies":[{"embeddable":true,"href":"https:\/\/blogdoedvaldomagalhaes.com.br\/index.php\/wp-json\/wp\/v2\/comments?post=105533"}],"version-history":[{"count":1,"href":"https:\/\/blogdoedvaldomagalhaes.com.br\/index.php\/wp-json\/wp\/v2\/posts\/105533\/revisions"}],"predecessor-version":[{"id":105535,"href":"https:\/\/blogdoedvaldomagalhaes.com.br\/index.php\/wp-json\/wp\/v2\/posts\/105533\/revisions\/105535"}],"wp:featuredmedia":[{"embeddable":true,"href":"https:\/\/blogdoedvaldomagalhaes.com.br\/index.php\/wp-json\/wp\/v2\/media\/105534"}],"wp:attachment":[{"href":"https:\/\/blogdoedvaldomagalhaes.com.br\/index.php\/wp-json\/wp\/v2\/media?parent=105533"}],"wp:term":[{"taxonomy":"category","embeddable":true,"href":"https:\/\/blogdoedvaldomagalhaes.com.br\/index.php\/wp-json\/wp\/v2\/categories?post=105533"},{"taxonomy":"post_tag","embeddable":true,"href":"https:\/\/blogdoedvaldomagalhaes.com.br\/index.php\/wp-json\/wp\/v2\/tags?post=105533"}],"curies":[{"name":"wp","href":"https:\/\/api.w.org\/{rel}","templated":true}]}}