{"id":105522,"date":"2024-02-17T09:06:29","date_gmt":"2024-02-17T12:06:29","guid":{"rendered":"https:\/\/blogdoedvaldomagalhaes.com.br\/?p=105522"},"modified":"2024-02-17T10:56:09","modified_gmt":"2024-02-17T13:56:09","slug":"homicidio-jovem-baleado-na-frente-de-casa-noturna-morre-no-hra","status":"publish","type":"post","link":"https:\/\/blogdoedvaldomagalhaes.com.br\/index.php\/2024\/02\/17\/homicidio-jovem-baleado-na-frente-de-casa-noturna-morre-no-hra\/","title":{"rendered":"Homic\u00eddio: Jovem baleado na frente de casa noturna morre no HRA"},"content":{"rendered":"<p>Na madrugada deste s\u00e1bado (17.02), ocorreu um homic\u00eddio em Caruaru. O delegado informou que um jovem estava em uma casa noturna na avenida Adjar da Silva Cas\u00e9, no bairro Indian\u00f3polis, quando saiu do estabelecimento um carro se aproximou e um pessoa ainda n\u00e3o identificada efetuou disparos de arma na v\u00edtima, que foi socorrida para o Hospital Regional do Agreste (HRA), onde faleceu.<\/p>\n<p>A v\u00edtima foi Victor C\u00e9sar da Mota, 24 anos de idade, que morava na Vila Gon\u00e7alves Ferreira, Zona Rural de Caruaru. O corpo foi encaminhado para o IML.<\/p>\n<p>Este foi o 8\u00b0 homic\u00eddio no m\u00eas de fevereiro, e o 18\u00b0 no ano de 2024, em Caruaru.<\/p>\n<p>Seja seguidor do Instagram do Blog, para comentar @blogdoedvaldomagalhaes<\/p>\n<p><img loading=\"lazy\" decoding=\"async\" src=\"https:\/\/blogdoedvaldomagalhaes.com.br\/wp-content\/uploads\/2024\/02\/img-20240217-wa01514896294383306564876.jpg\" class=\"wp-image-105528 alignnone size-full\" width=\"1080\" height=\"1004\" data-temp-aztec-id=\"fb8f92e1-9ae6-4a14-961c-6ce1ff36c267\" srcset=\"https:\/\/blogdoedvaldomagalhaes.com.br\/wp-content\/uploads\/2024\/02\/img-20240217-wa01514896294383306564876.jpg 1080w, https:\/\/blogdoedvaldomagalhaes.com.br\/wp-content\/uploads\/2024\/02\/img-20240217-wa01514896294383306564876-300x279.jpg 300w, https:\/\/blogdoedvaldomagalhaes.com.br\/wp-content\/uploads\/2024\/02\/img-20240217-wa01514896294383306564876-1024x952.jpg 1024w, https:\/\/blogdoedvaldomagalhaes.com.br\/wp-content\/uploads\/2024\/02\/img-20240217-wa01514896294383306564876-768x714.jpg 768w\" sizes=\"auto, (max-width: 1080px) 100vw, 1080px\" \/><\/p>\n<p>V\u00edtima: Victor C\u00e9sar da Mota<\/p>\n","protected":false},"excerpt":{"rendered":"<p>Na madrugada deste s\u00e1bado (17.02), ocorreu um homic\u00eddio em Caruaru. O delegado informou que um jovem estava em uma casa&hellip;<\/p>\n","protected":false},"author":1,"featured_media":76605,"comment_status":"closed","ping_status":"open","sticky":false,"template":"","format":"standard","meta":{"footnotes":""},"categories":[14121],"tags":[28803,2,28801,3406,29794],"class_list":["post-105522","post","type-post","status-publish","format-standard","has-post-thumbnail","hentry","category-policial","tag-blog-com-mais-visualizacoes","tag-blog-do-edvaldo-magalhaes","tag-blog-mais-acessado","tag-caruaru","tag-homicidio-jovem-baleado-na-frente-de-casa-noturna-morre-no-hra"],"_links":{"self":[{"href":"https:\/\/blogdoedvaldomagalhaes.com.br\/index.php\/wp-json\/wp\/v2\/posts\/105522","targetHints":{"allow":["GET"]}}],"collection":[{"href":"https:\/\/blogdoedvaldomagalhaes.com.br\/index.php\/wp-json\/wp\/v2\/posts"}],"about":[{"href":"https:\/\/blogdoedvaldomagalhaes.com.br\/index.php\/wp-json\/wp\/v2\/types\/post"}],"author":[{"embeddable":true,"href":"https:\/\/blogdoedvaldomagalhaes.com.br\/index.php\/wp-json\/wp\/v2\/users\/1"}],"replies":[{"embeddable":true,"href":"https:\/\/blogdoedvaldomagalhaes.com.br\/index.php\/wp-json\/wp\/v2\/comments?post=105522"}],"version-history":[{"count":4,"href":"https:\/\/blogdoedvaldomagalhaes.com.br\/index.php\/wp-json\/wp\/v2\/posts\/105522\/revisions"}],"predecessor-version":[{"id":105529,"href":"https:\/\/blogdoedvaldomagalhaes.com.br\/index.php\/wp-json\/wp\/v2\/posts\/105522\/revisions\/105529"}],"wp:featuredmedia":[{"embeddable":true,"href":"https:\/\/blogdoedvaldomagalhaes.com.br\/index.php\/wp-json\/wp\/v2\/media\/76605"}],"wp:attachment":[{"href":"https:\/\/blogdoedvaldomagalhaes.com.br\/index.php\/wp-json\/wp\/v2\/media?parent=105522"}],"wp:term":[{"taxonomy":"category","embeddable":true,"href":"https:\/\/blogdoedvaldomagalhaes.com.br\/index.php\/wp-json\/wp\/v2\/categories?post=105522"},{"taxonomy":"post_tag","embeddable":true,"href":"https:\/\/blogdoedvaldomagalhaes.com.br\/index.php\/wp-json\/wp\/v2\/tags?post=105522"}],"curies":[{"name":"wp","href":"https:\/\/api.w.org\/{rel}","templated":true}]}}