{"id":105517,"date":"2024-02-16T19:26:51","date_gmt":"2024-02-16T22:26:51","guid":{"rendered":"https:\/\/blogdoedvaldomagalhaes.com.br\/?p=105517"},"modified":"2024-02-16T19:35:11","modified_gmt":"2024-02-16T22:35:11","slug":"prf-resgata-85-aves-silvestres-no-sertao-pe-que-seriam-levadas-para-feira-de-caruaru","status":"publish","type":"post","link":"https:\/\/blogdoedvaldomagalhaes.com.br\/index.php\/2024\/02\/16\/prf-resgata-85-aves-silvestres-no-sertao-pe-que-seriam-levadas-para-feira-de-caruaru\/","title":{"rendered":"PRF resgata 85 aves silvestres no Sert\u00e3o-PE, que seriam levadas para feira de Caruaru"},"content":{"rendered":"<p><span style=\"font-size: revert;\">Dois homens que transportavam 85 aves silvestres em um carro roubado foram detidos, nesta sexta-feira (16), pela Pol\u00edcia Rodovi\u00e1ria Federal (PRF), na BR 232, em Salgueiro, no Sert\u00e3o de Pernambuco. Os p\u00e1ssaros estavam em gaiolas apertadas e uma gra\u00fana morreu durante o transporte.<\/span><\/p>\n<p>Durante a abordagem a um carro ocupado por dois homens, a equipe encontrou cinco gaiolas com 80 aves da esp\u00e9cie gra\u00fana e cinco papagaios. O motorista informou que havia pego as aves no s\u00edtio do tio dele e iria para uma feira de animais em Caruaru.<\/p>\n<p>Ap\u00f3s uma consulta detalhada no carro, a equipe descobriu um registro de roubo desde 2016 no Rio de Janeiro. O condutor disse que havia adquirido o carro na troca por outro ve\u00edculo h\u00e1 cinco dias, al\u00e9m de pagar mais R$5 mil na transa\u00e7\u00e3o.<\/p>\n<p>Os homens foram encaminhados junto com o carro \u00e0 Delegacia de Pol\u00edcia Civil de Salgueiro. A Ag\u00eancia Estadual do Meio Ambiente (CPRH) foi acionada para receber os p\u00e1ssaros. Fotos: Divulga\u00e7\u00e3o\/PRF<\/p>\n<p>Seja seguidor do Instagram do Blog, para comentar @blogdoedvaldomagalhaes<\/p>\n\n\n<figure class=\"wp-block-image size-large\"><img loading=\"lazy\" decoding=\"async\" width=\"768\" height=\"1024\" src=\"https:\/\/blogdoedvaldomagalhaes.com.br\/wp-content\/uploads\/2024\/02\/5efcd986-a455-45e1-bea2-5895e458a29d-768x1024.jpeg\" alt=\"\" class=\"wp-image-105520\" srcset=\"https:\/\/blogdoedvaldomagalhaes.com.br\/wp-content\/uploads\/2024\/02\/5efcd986-a455-45e1-bea2-5895e458a29d-768x1024.jpeg 768w, https:\/\/blogdoedvaldomagalhaes.com.br\/wp-content\/uploads\/2024\/02\/5efcd986-a455-45e1-bea2-5895e458a29d-225x300.jpeg 225w, https:\/\/blogdoedvaldomagalhaes.com.br\/wp-content\/uploads\/2024\/02\/5efcd986-a455-45e1-bea2-5895e458a29d.jpeg 960w\" sizes=\"auto, (max-width: 768px) 100vw, 768px\" \/><\/figure>\n","protected":false},"excerpt":{"rendered":"<p>Dois homens que transportavam 85 aves silvestres em um carro roubado foram detidos, nesta sexta-feira (16), pela Pol\u00edcia Rodovi\u00e1ria Federal&hellip;<\/p>\n","protected":false},"author":1,"featured_media":105518,"comment_status":"closed","ping_status":"open","sticky":false,"template":"","format":"standard","meta":{"footnotes":""},"categories":[14120],"tags":[29440,2,28801,3406,29793],"class_list":["post-105517","post","type-post","status-publish","format-standard","has-post-thumbnail","hentry","category-noticias","tag-blog-com-mais-visualizacao","tag-blog-do-edvaldo-magalhaes","tag-blog-mais-acessado","tag-caruaru","tag-prf-resgata-85-aves-silvestres-no-sertao-pe-que-seriam-levadas-para-feira-de-caruaru"],"_links":{"self":[{"href":"https:\/\/blogdoedvaldomagalhaes.com.br\/index.php\/wp-json\/wp\/v2\/posts\/105517","targetHints":{"allow":["GET"]}}],"collection":[{"href":"https:\/\/blogdoedvaldomagalhaes.com.br\/index.php\/wp-json\/wp\/v2\/posts"}],"about":[{"href":"https:\/\/blogdoedvaldomagalhaes.com.br\/index.php\/wp-json\/wp\/v2\/types\/post"}],"author":[{"embeddable":true,"href":"https:\/\/blogdoedvaldomagalhaes.com.br\/index.php\/wp-json\/wp\/v2\/users\/1"}],"replies":[{"embeddable":true,"href":"https:\/\/blogdoedvaldomagalhaes.com.br\/index.php\/wp-json\/wp\/v2\/comments?post=105517"}],"version-history":[{"count":2,"href":"https:\/\/blogdoedvaldomagalhaes.com.br\/index.php\/wp-json\/wp\/v2\/posts\/105517\/revisions"}],"predecessor-version":[{"id":105521,"href":"https:\/\/blogdoedvaldomagalhaes.com.br\/index.php\/wp-json\/wp\/v2\/posts\/105517\/revisions\/105521"}],"wp:featuredmedia":[{"embeddable":true,"href":"https:\/\/blogdoedvaldomagalhaes.com.br\/index.php\/wp-json\/wp\/v2\/media\/105518"}],"wp:attachment":[{"href":"https:\/\/blogdoedvaldomagalhaes.com.br\/index.php\/wp-json\/wp\/v2\/media?parent=105517"}],"wp:term":[{"taxonomy":"category","embeddable":true,"href":"https:\/\/blogdoedvaldomagalhaes.com.br\/index.php\/wp-json\/wp\/v2\/categories?post=105517"},{"taxonomy":"post_tag","embeddable":true,"href":"https:\/\/blogdoedvaldomagalhaes.com.br\/index.php\/wp-json\/wp\/v2\/tags?post=105517"}],"curies":[{"name":"wp","href":"https:\/\/api.w.org\/{rel}","templated":true}]}}