{"id":105514,"date":"2024-02-16T16:11:48","date_gmt":"2024-02-16T19:11:48","guid":{"rendered":"https:\/\/blogdoedvaldomagalhaes.com.br\/?p=105514"},"modified":"2024-02-16T16:11:49","modified_gmt":"2024-02-16T19:11:49","slug":"bandidos-explodem-carro-forte-na-br-232","status":"publish","type":"post","link":"https:\/\/blogdoedvaldomagalhaes.com.br\/index.php\/2024\/02\/16\/bandidos-explodem-carro-forte-na-br-232\/","title":{"rendered":"Bandidos explodem carro-forte na BR 232"},"content":{"rendered":"<p>Por volta das 13h, homens armados que estavam em um carro interceptaram um carro-forte, no Km 550 da BR 232, em Parnamirim, no Sert\u00e3o de Pernambuco.<\/p>\n<p>Os criminosos atiraram no ve\u00edculo, mas ningu\u00e9m ficou ferido. No local foram encontradas c\u00e1psulas de fuzil.<\/p>\n<p>Em seguida, os vigilantes desceram do ve\u00edculo e correram para o matagal.<\/p>\n<p>O carro-forte foi explodido pelos criminosos, mas o cofre n\u00e3o foi aberto e nenhum valor foi roubado.<\/p>\n<p>A ocorr\u00eancia ser\u00e1 encaminhada \u00e0 Pol\u00edcia Judici\u00e1ria. Foto: PRF<\/p>\n<p>Seja seguidor do Instagram do Blog para comentar @blogdoedvaldomagalhaes<\/p>\n","protected":false},"excerpt":{"rendered":"<p>Por volta das 13h, homens armados que estavam em um carro interceptaram um carro-forte, no Km 550 da BR 232,&hellip;<\/p>\n","protected":false},"author":1,"featured_media":105515,"comment_status":"closed","ping_status":"open","sticky":false,"template":"","format":"standard","meta":{"footnotes":""},"categories":[14121],"tags":[29792,29440,2,28801,3406],"class_list":["post-105514","post","type-post","status-publish","format-standard","has-post-thumbnail","hentry","category-policial","tag-bandidos-explodem-carro-forte-na-br-232","tag-blog-com-mais-visualizacao","tag-blog-do-edvaldo-magalhaes","tag-blog-mais-acessado","tag-caruaru"],"_links":{"self":[{"href":"https:\/\/blogdoedvaldomagalhaes.com.br\/index.php\/wp-json\/wp\/v2\/posts\/105514","targetHints":{"allow":["GET"]}}],"collection":[{"href":"https:\/\/blogdoedvaldomagalhaes.com.br\/index.php\/wp-json\/wp\/v2\/posts"}],"about":[{"href":"https:\/\/blogdoedvaldomagalhaes.com.br\/index.php\/wp-json\/wp\/v2\/types\/post"}],"author":[{"embeddable":true,"href":"https:\/\/blogdoedvaldomagalhaes.com.br\/index.php\/wp-json\/wp\/v2\/users\/1"}],"replies":[{"embeddable":true,"href":"https:\/\/blogdoedvaldomagalhaes.com.br\/index.php\/wp-json\/wp\/v2\/comments?post=105514"}],"version-history":[{"count":1,"href":"https:\/\/blogdoedvaldomagalhaes.com.br\/index.php\/wp-json\/wp\/v2\/posts\/105514\/revisions"}],"predecessor-version":[{"id":105516,"href":"https:\/\/blogdoedvaldomagalhaes.com.br\/index.php\/wp-json\/wp\/v2\/posts\/105514\/revisions\/105516"}],"wp:featuredmedia":[{"embeddable":true,"href":"https:\/\/blogdoedvaldomagalhaes.com.br\/index.php\/wp-json\/wp\/v2\/media\/105515"}],"wp:attachment":[{"href":"https:\/\/blogdoedvaldomagalhaes.com.br\/index.php\/wp-json\/wp\/v2\/media?parent=105514"}],"wp:term":[{"taxonomy":"category","embeddable":true,"href":"https:\/\/blogdoedvaldomagalhaes.com.br\/index.php\/wp-json\/wp\/v2\/categories?post=105514"},{"taxonomy":"post_tag","embeddable":true,"href":"https:\/\/blogdoedvaldomagalhaes.com.br\/index.php\/wp-json\/wp\/v2\/tags?post=105514"}],"curies":[{"name":"wp","href":"https:\/\/api.w.org\/{rel}","templated":true}]}}