{"id":105511,"date":"2024-02-16T14:32:24","date_gmt":"2024-02-16T17:32:24","guid":{"rendered":"https:\/\/blogdoedvaldomagalhaes.com.br\/?p=105511"},"modified":"2024-02-16T14:32:25","modified_gmt":"2024-02-16T17:32:25","slug":"junior-letal-comemora-implantacao-de-linha-de-onibus-para-o-shopping-que-vai-beneficiar-moradores-dos-bairros-agamenon-encanto-da-serra-adalgisa-nunes-wirton-lira-e-morada-verde","status":"publish","type":"post","link":"https:\/\/blogdoedvaldomagalhaes.com.br\/index.php\/2024\/02\/16\/junior-letal-comemora-implantacao-de-linha-de-onibus-para-o-shopping-que-vai-beneficiar-moradores-dos-bairros-agamenon-encanto-da-serra-adalgisa-nunes-wirton-lira-e-morada-verde\/","title":{"rendered":"J\u00fanior Letal comemora implanta\u00e7\u00e3o de linha de \u00f4nibus para o Shopping que vai beneficiar moradores dos bairros Agamenon, Encanto da Serra, Adalgisa Nunes, Wirton Lira e Morada Verde"},"content":{"rendered":"<p><span style=\"font-size: revert;\">O presidente da Associa\u00e7\u00e3o de Moradores do bairro Agamenon Magalh\u00e3es, est\u00e1 comemorando a implanta\u00e7\u00e3o de uma linha de \u00f4nibus para o Shopping Caruaru, que ter\u00e1 rota pelos bairros Agamenon, Encanto da Serra, Adalgisa Nunes, Wirton Lira e Morada Verde a partir da pr\u00f3xima segunda-feira. A a\u00e7\u00e3o \u00e9 mais uma conquista da AMBAM, junto a AMTTC. Em novembro de 2023, J\u00fanior Letal foi recebido pelo Coronel Edson N\u00f3brega, presidente da Autarquia de Mobilidade Tr\u00e2nsito e Transporte de Caruaru, AMTTC, onde na ocasi\u00e3o o assunto foi tratado.<\/span><\/p>\n<p>&#8220;Essa \u00e9 mais uma grande a\u00e7\u00e3o da gest\u00e3o Rodrigo Pinheiro na nossa comunidade. Estive com o Coronel N\u00f3brega, em novembro do ano passado do tratando sobre essa solicita\u00e7\u00e3o. Essa nova linha al\u00e9m de proporcionar mais facilidade para todos que v\u00e3o ao shopping, vai tamb\u00e9m gerar economia para os moradores. Gratid\u00e3o ao Presidente da AMTTC, Coronel Edson N\u00f3brega pela aten\u00e7\u00e3o e sensibilidade &#8220;, disse J\u00fanior Letal.<\/p>\n<p>Foto: Divulga\u00e7\u00e3o<\/p>\n<p>Seja seguidor do Instagram do Blog, para comentar @blogdoedvaldomagalhaes<\/p>\n","protected":false},"excerpt":{"rendered":"<p>O presidente da Associa\u00e7\u00e3o de Moradores do bairro Agamenon Magalh\u00e3es, est\u00e1 comemorando a implanta\u00e7\u00e3o de uma linha de \u00f4nibus para&hellip;<\/p>\n","protected":false},"author":1,"featured_media":105512,"comment_status":"closed","ping_status":"open","sticky":false,"template":"","format":"standard","meta":{"footnotes":""},"categories":[14120],"tags":[11572,29440,2,28801,3406,11574,29790,29791],"class_list":["post-105511","post","type-post","status-publish","format-standard","has-post-thumbnail","hentry","category-noticias","tag-adalgisa-nunes","tag-blog-com-mais-visualizacao","tag-blog-do-edvaldo-magalhaes","tag-blog-mais-acessado","tag-caruaru","tag-encanto-da-serra","tag-junior-letal-comemora-implantacao-de-linha-de-onibus-para-o-shopping-que-vai-beneficiar-moradores-dos-bairros-agamenon","tag-wirton-lira-e-morada-verde"],"_links":{"self":[{"href":"https:\/\/blogdoedvaldomagalhaes.com.br\/index.php\/wp-json\/wp\/v2\/posts\/105511","targetHints":{"allow":["GET"]}}],"collection":[{"href":"https:\/\/blogdoedvaldomagalhaes.com.br\/index.php\/wp-json\/wp\/v2\/posts"}],"about":[{"href":"https:\/\/blogdoedvaldomagalhaes.com.br\/index.php\/wp-json\/wp\/v2\/types\/post"}],"author":[{"embeddable":true,"href":"https:\/\/blogdoedvaldomagalhaes.com.br\/index.php\/wp-json\/wp\/v2\/users\/1"}],"replies":[{"embeddable":true,"href":"https:\/\/blogdoedvaldomagalhaes.com.br\/index.php\/wp-json\/wp\/v2\/comments?post=105511"}],"version-history":[{"count":1,"href":"https:\/\/blogdoedvaldomagalhaes.com.br\/index.php\/wp-json\/wp\/v2\/posts\/105511\/revisions"}],"predecessor-version":[{"id":105513,"href":"https:\/\/blogdoedvaldomagalhaes.com.br\/index.php\/wp-json\/wp\/v2\/posts\/105511\/revisions\/105513"}],"wp:featuredmedia":[{"embeddable":true,"href":"https:\/\/blogdoedvaldomagalhaes.com.br\/index.php\/wp-json\/wp\/v2\/media\/105512"}],"wp:attachment":[{"href":"https:\/\/blogdoedvaldomagalhaes.com.br\/index.php\/wp-json\/wp\/v2\/media?parent=105511"}],"wp:term":[{"taxonomy":"category","embeddable":true,"href":"https:\/\/blogdoedvaldomagalhaes.com.br\/index.php\/wp-json\/wp\/v2\/categories?post=105511"},{"taxonomy":"post_tag","embeddable":true,"href":"https:\/\/blogdoedvaldomagalhaes.com.br\/index.php\/wp-json\/wp\/v2\/tags?post=105511"}],"curies":[{"name":"wp","href":"https:\/\/api.w.org\/{rel}","templated":true}]}}