{"id":105506,"date":"2024-02-16T12:51:54","date_gmt":"2024-02-16T15:51:54","guid":{"rendered":"https:\/\/blogdoedvaldomagalhaes.com.br\/?p=105506"},"modified":"2024-02-16T13:02:57","modified_gmt":"2024-02-16T16:02:57","slug":"vereador-mauricio-caruaru-solicita-emissao-da-cnh-para-analfabetos","status":"publish","type":"post","link":"https:\/\/blogdoedvaldomagalhaes.com.br\/index.php\/2024\/02\/16\/vereador-mauricio-caruaru-solicita-emissao-da-cnh-para-analfabetos\/","title":{"rendered":"Vereador Maur\u00edcio Caruaru solicita emiss\u00e3o da CNH para analfabetos"},"content":{"rendered":"<p>A indica\u00e7\u00e3o proposta pelo vereador Maur\u00edcio Caruaru visa solicitar a regulamenta\u00e7\u00e3o que permita formas de medir o conhecimento do analfabeto, para que este possa conseguir sua Carteira Nacional de Habilita\u00e7\u00e3o (CNH), inclusive com a utiliza\u00e7\u00e3o de provas com conte\u00fados visuais e sonoros, em corrobora\u00e7\u00e3o com o PL 2675\/22 do Deputado Andr\u00e9 de Paula. H\u00e1 muitas a\u00e7\u00f5es que asseguram v\u00e1rios direitos aos deficientes, idosos, mulheres, etc. Por\u00e9m, os analfabetos ainda n\u00e3o t\u00eam o direito a Carteira Nacional de Habilita\u00e7\u00e3o (CNH), ao que vai contra a Constitui\u00e7\u00e3o Federal, onde os mesmo t\u00eam o direito a voto e igualdade, por exemplo. <\/p>\n<p>\u00c9 v\u00e1lido lembrar que as normas de tr\u00e2nsito se utilizam de simbologias, onde a compreens\u00e3o dispensa a linguagem escrita. Com isso, pode-se dizer que n\u00e3o \u00e9 preciso saber ler para compreender a linguagem de tr\u00e2nsito, em que a comunica\u00e7\u00e3o se faz por meio da semi\u00f3tica. E, mesmo que o analfabeto n\u00e3o tenha o conhecimento desse significado, qualquer motorista que dirija com cautela (inclusive os analfabetos), entende a ordem de uma placa \u201cPARE\u201d, por exemplo. Ou seja, a ordem expressa numa placa de tr\u00e2nsito dispensa a linguagem escrita e sua respectiva leitura. O analfabeto, em via de regra, tem condi\u00e7\u00f5es psicoculturais e habilidades t\u00e9cnicas para conduzir um ve\u00edculo automotor.<\/p>\n<p>Seja seguidor do Instagram do Blog, para comentar @blogdoedvaldomagalhaes<\/p>\n","protected":false},"excerpt":{"rendered":"<p>A indica\u00e7\u00e3o proposta pelo vereador Maur\u00edcio Caruaru visa solicitar a regulamenta\u00e7\u00e3o que permita formas de medir o conhecimento do analfabeto,&hellip;<\/p>\n","protected":false},"author":1,"featured_media":105508,"comment_status":"closed","ping_status":"open","sticky":false,"template":"","format":"standard","meta":{"footnotes":""},"categories":[14122],"tags":[29440,2,28801,3406,20,29789],"class_list":["post-105506","post","type-post","status-publish","format-standard","has-post-thumbnail","hentry","category-politica","tag-blog-com-mais-visualizacao","tag-blog-do-edvaldo-magalhaes","tag-blog-mais-acessado","tag-caruaru","tag-politica","tag-vereador-mauricio-caruaru-solicita-emissao-da-cnh-para-analfabetos"],"_links":{"self":[{"href":"https:\/\/blogdoedvaldomagalhaes.com.br\/index.php\/wp-json\/wp\/v2\/posts\/105506","targetHints":{"allow":["GET"]}}],"collection":[{"href":"https:\/\/blogdoedvaldomagalhaes.com.br\/index.php\/wp-json\/wp\/v2\/posts"}],"about":[{"href":"https:\/\/blogdoedvaldomagalhaes.com.br\/index.php\/wp-json\/wp\/v2\/types\/post"}],"author":[{"embeddable":true,"href":"https:\/\/blogdoedvaldomagalhaes.com.br\/index.php\/wp-json\/wp\/v2\/users\/1"}],"replies":[{"embeddable":true,"href":"https:\/\/blogdoedvaldomagalhaes.com.br\/index.php\/wp-json\/wp\/v2\/comments?post=105506"}],"version-history":[{"count":2,"href":"https:\/\/blogdoedvaldomagalhaes.com.br\/index.php\/wp-json\/wp\/v2\/posts\/105506\/revisions"}],"predecessor-version":[{"id":105510,"href":"https:\/\/blogdoedvaldomagalhaes.com.br\/index.php\/wp-json\/wp\/v2\/posts\/105506\/revisions\/105510"}],"wp:featuredmedia":[{"embeddable":true,"href":"https:\/\/blogdoedvaldomagalhaes.com.br\/index.php\/wp-json\/wp\/v2\/media\/105508"}],"wp:attachment":[{"href":"https:\/\/blogdoedvaldomagalhaes.com.br\/index.php\/wp-json\/wp\/v2\/media?parent=105506"}],"wp:term":[{"taxonomy":"category","embeddable":true,"href":"https:\/\/blogdoedvaldomagalhaes.com.br\/index.php\/wp-json\/wp\/v2\/categories?post=105506"},{"taxonomy":"post_tag","embeddable":true,"href":"https:\/\/blogdoedvaldomagalhaes.com.br\/index.php\/wp-json\/wp\/v2\/tags?post=105506"}],"curies":[{"name":"wp","href":"https:\/\/api.w.org\/{rel}","templated":true}]}}