{"id":105503,"date":"2024-02-16T12:25:28","date_gmt":"2024-02-16T15:25:28","guid":{"rendered":"https:\/\/blogdoedvaldomagalhaes.com.br\/?p=105503"},"modified":"2024-02-16T12:25:29","modified_gmt":"2024-02-16T15:25:29","slug":"caruaru-recebe-doacao-de-alimentos-em-parceria-entre-prefeitura-e-programa-de-aquisicao-de-alimentos","status":"publish","type":"post","link":"https:\/\/blogdoedvaldomagalhaes.com.br\/index.php\/2024\/02\/16\/caruaru-recebe-doacao-de-alimentos-em-parceria-entre-prefeitura-e-programa-de-aquisicao-de-alimentos\/","title":{"rendered":"Caruaru recebe doa\u00e7\u00e3o de alimentos em parceria entre Prefeitura e Programa de Aquisi\u00e7\u00e3o de Alimentos"},"content":{"rendered":"<p>A Secretaria de Desenvolvimento Social e Direitos Humanos de Caruaru, em parceria com o Programa de Aquisi\u00e7\u00e3o de Alimentos (PAA), coordenado pelo Instituto Agron\u00f4mico de Pernambuco (IPA), uniu esfor\u00e7os para apoiar e nutrir aqueles em situa\u00e7\u00e3o de maior vulnerabilidade social. O munic\u00edpio recebeu um impulso significativo com a recente doa\u00e7\u00e3o de alimentos a tr\u00eas equipamentos de assist\u00eancia social.<\/p>\n<p>O objetivo do programa \u00e9 fortalecer a agricultura familiar, promovendo a inclus\u00e3o socioprodutiva dos agricultores familiares, por meio da compra direta e da doa\u00e7\u00e3o simult\u00e2nea de produtos agropecu\u00e1rios, visando garantir a seguran\u00e7a alimentar e nutricional daqueles em situa\u00e7\u00e3o de vulnerabilidade, fornecendo refei\u00e7\u00f5es nutritivas \u00e0s institui\u00e7\u00f5es socioassistenciais contempladas.<\/p>\n<p>No dia 07 de fevereiro deste ano, foram entregues 470 quilos de uma variedade de itens frescos e saud\u00e1veis, incluindo abacaxi, acerola, banana comprida, banana prata, batata doce, cebolinha, coco verde, coco seco, couve folha, macaxeira, mam\u00e3o, manga, pinha e lim\u00e3o. Esses alimentos foram encaminhados para o Centro de Refer\u00eancia Especializado para Popula\u00e7\u00e3o em Situa\u00e7\u00e3o de Rua (Centro POP) e para as duas Unidades de Acolhimento Institucional para Adultos e Fam\u00edlias em Situa\u00e7\u00e3o de Rua (Integral e Pernoite), beneficiando diretamente cerca de 150 usu\u00e1rios desses servi\u00e7os. As demais entregas continuar\u00e3o acontecendo quinzenalmente, garantindo um suprimento constante de alimentos frescos para essas institui\u00e7\u00f5es.<\/p>\n<p>\u201cEssa colabora\u00e7\u00e3o entre o PAA e as institui\u00e7\u00f5es de assist\u00eancia em Caruaru \u00e9 essencial para fortalecer a rede socioassistencial e garantir que aqueles que mais precisam recebam o apoio e os recursos necess\u00e1rios para melhorar sua qualidade de vida\u201d, disse a secret\u00e1ria de Desenvolvimento Social e Direitos Humanos, Dayse Silva. Foto: Divulga\u00e7\u00e3o<\/p>\n<p>Seja seguidor do Instagram do Blog @blogdoedvaldomagalhaes<\/p>\n","protected":false},"excerpt":{"rendered":"<p>A Secretaria de Desenvolvimento Social e Direitos Humanos de Caruaru, em parceria com o Programa de Aquisi\u00e7\u00e3o de Alimentos (PAA),&hellip;<\/p>\n","protected":false},"author":1,"featured_media":105504,"comment_status":"closed","ping_status":"open","sticky":false,"template":"","format":"standard","meta":{"footnotes":""},"categories":[14120],"tags":[29440,2,28801,3406,29788],"class_list":["post-105503","post","type-post","status-publish","format-standard","has-post-thumbnail","hentry","category-noticias","tag-blog-com-mais-visualizacao","tag-blog-do-edvaldo-magalhaes","tag-blog-mais-acessado","tag-caruaru","tag-caruaru-recebe-doacao-de-alimentos-em-parceria-entre-prefeitura-e-programa-de-aquisicao-de-alimentos"],"_links":{"self":[{"href":"https:\/\/blogdoedvaldomagalhaes.com.br\/index.php\/wp-json\/wp\/v2\/posts\/105503","targetHints":{"allow":["GET"]}}],"collection":[{"href":"https:\/\/blogdoedvaldomagalhaes.com.br\/index.php\/wp-json\/wp\/v2\/posts"}],"about":[{"href":"https:\/\/blogdoedvaldomagalhaes.com.br\/index.php\/wp-json\/wp\/v2\/types\/post"}],"author":[{"embeddable":true,"href":"https:\/\/blogdoedvaldomagalhaes.com.br\/index.php\/wp-json\/wp\/v2\/users\/1"}],"replies":[{"embeddable":true,"href":"https:\/\/blogdoedvaldomagalhaes.com.br\/index.php\/wp-json\/wp\/v2\/comments?post=105503"}],"version-history":[{"count":1,"href":"https:\/\/blogdoedvaldomagalhaes.com.br\/index.php\/wp-json\/wp\/v2\/posts\/105503\/revisions"}],"predecessor-version":[{"id":105505,"href":"https:\/\/blogdoedvaldomagalhaes.com.br\/index.php\/wp-json\/wp\/v2\/posts\/105503\/revisions\/105505"}],"wp:featuredmedia":[{"embeddable":true,"href":"https:\/\/blogdoedvaldomagalhaes.com.br\/index.php\/wp-json\/wp\/v2\/media\/105504"}],"wp:attachment":[{"href":"https:\/\/blogdoedvaldomagalhaes.com.br\/index.php\/wp-json\/wp\/v2\/media?parent=105503"}],"wp:term":[{"taxonomy":"category","embeddable":true,"href":"https:\/\/blogdoedvaldomagalhaes.com.br\/index.php\/wp-json\/wp\/v2\/categories?post=105503"},{"taxonomy":"post_tag","embeddable":true,"href":"https:\/\/blogdoedvaldomagalhaes.com.br\/index.php\/wp-json\/wp\/v2\/tags?post=105503"}],"curies":[{"name":"wp","href":"https:\/\/api.w.org\/{rel}","templated":true}]}}