{"id":1055,"date":"2018-10-08T00:13:00","date_gmt":"2018-10-08T03:13:00","guid":{"rendered":"http:\/\/blogdoedvaldomagalhaes.com.br\/index.php\/2018\/10\/08\/humberto-e-jarbas-sao-eleitos-senadores\/"},"modified":"2019-02-09T02:34:26","modified_gmt":"2019-02-09T04:34:26","slug":"humberto-e-jarbas-sao-eleitos-senadores","status":"publish","type":"post","link":"https:\/\/blogdoedvaldomagalhaes.com.br\/index.php\/2018\/10\/08\/humberto-e-jarbas-sao-eleitos-senadores\/","title":{"rendered":"Humberto e Jarbas s\u00e3o eleitos senadores"},"content":{"rendered":"<div class=\"separator\" style=\"clear: both; text-align: center;\">\n<a href=\"https:\/\/4.bp.blogspot.com\/-nGRnIqyCbjE\/W7qg8XJzW2I\/AAAAAAAA7cc\/2oy977R4N_gN3vD5WXPdXT6cqwIaChwyACLcBGAs\/s1600\/humberto-jarbas.jpg\" imageanchor=\"1\" style=\"margin-left: 1em; margin-right: 1em;\"><img loading=\"lazy\" decoding=\"async\" border=\"0\" data-original-height=\"392\" data-original-width=\"526\" height=\"476\" src=\"http:\/\/blogdoedvaldomagalhaes.com.br\/wp-content\/uploads\/2018\/10\/humberto-jarbas.jpg\" width=\"640\" \/><\/a><\/div>\n<div style=\"background-color: white; box-sizing: border-box; line-height: 24px; margin-bottom: 10px; text-align: justify;\">\nHumberto Costa, do PT, e Jarbas Vasconcelos, do MDB, foram eleitos senadores por Pernambuco, neste domingo (07). O petista recebeu 1.675.221 votos e Jarbas 1.401.121 votos.<\/div>\n<div style=\"background-color: white; box-sizing: border-box; line-height: 24px; margin-bottom: 10px; text-align: justify;\">\nNeste ano, o eleitor escolheu dois candidatos ao Senado porque o mandato \u00e9 de oito anos, mas as elei\u00e7\u00f5es ocorrem de quatro em quatro anos. Assim, a cada elei\u00e7\u00e3o, a Casa renova, alternadamente, um ter\u00e7o e dois ter\u00e7os de suas 81 cadeiras. Neste ano, 54 vagas estavam em disputa no Pa\u00eds.<\/div>\n<div style=\"background-color: white; box-sizing: border-box; line-height: 24px; margin-bottom: 10px; text-align: justify;\">\nHumberto e Jarbas compuseram a chapa do governador Paulo C\u00e2mara, do PSB, que foi reeleito neste primeiro turno.<\/div>\n<div style=\"background-color: white; box-sizing: border-box; line-height: 24px; margin-bottom: 10px; text-align: justify;\">\n<\/div>\n","protected":false},"excerpt":{"rendered":"<p>Humberto Costa, do PT, e Jarbas Vasconcelos, do MDB, foram eleitos senadores por Pernambuco, neste domingo (07). O petista recebeu&hellip;<\/p>\n","protected":false},"author":1,"featured_media":0,"comment_status":"open","ping_status":"open","sticky":false,"template":"","format":"standard","meta":{"footnotes":""},"categories":[1],"tags":[2,998,20],"class_list":["post-1055","post","type-post","status-publish","format-standard","hentry","category-sem-categoria","tag-blog-do-edvaldo-magalhaes","tag-humberto-e-jarbas-sao-eleitos-senadores","tag-politica"],"_links":{"self":[{"href":"https:\/\/blogdoedvaldomagalhaes.com.br\/index.php\/wp-json\/wp\/v2\/posts\/1055","targetHints":{"allow":["GET"]}}],"collection":[{"href":"https:\/\/blogdoedvaldomagalhaes.com.br\/index.php\/wp-json\/wp\/v2\/posts"}],"about":[{"href":"https:\/\/blogdoedvaldomagalhaes.com.br\/index.php\/wp-json\/wp\/v2\/types\/post"}],"author":[{"embeddable":true,"href":"https:\/\/blogdoedvaldomagalhaes.com.br\/index.php\/wp-json\/wp\/v2\/users\/1"}],"replies":[{"embeddable":true,"href":"https:\/\/blogdoedvaldomagalhaes.com.br\/index.php\/wp-json\/wp\/v2\/comments?post=1055"}],"version-history":[{"count":1,"href":"https:\/\/blogdoedvaldomagalhaes.com.br\/index.php\/wp-json\/wp\/v2\/posts\/1055\/revisions"}],"predecessor-version":[{"id":34782,"href":"https:\/\/blogdoedvaldomagalhaes.com.br\/index.php\/wp-json\/wp\/v2\/posts\/1055\/revisions\/34782"}],"wp:attachment":[{"href":"https:\/\/blogdoedvaldomagalhaes.com.br\/index.php\/wp-json\/wp\/v2\/media?parent=1055"}],"wp:term":[{"taxonomy":"category","embeddable":true,"href":"https:\/\/blogdoedvaldomagalhaes.com.br\/index.php\/wp-json\/wp\/v2\/categories?post=1055"},{"taxonomy":"post_tag","embeddable":true,"href":"https:\/\/blogdoedvaldomagalhaes.com.br\/index.php\/wp-json\/wp\/v2\/tags?post=1055"}],"curies":[{"name":"wp","href":"https:\/\/api.w.org\/{rel}","templated":true}]}}