{"id":105499,"date":"2024-02-16T10:43:10","date_gmt":"2024-02-16T13:43:10","guid":{"rendered":"https:\/\/blogdoedvaldomagalhaes.com.br\/?p=105499"},"modified":"2024-02-16T10:44:44","modified_gmt":"2024-02-16T13:44:44","slug":"mais-folia-e-menos-violencia-pernambuco-registra-queda-de-40-nos-roubos-e-17-nos-indices-de-homicidios-no-carnaval","status":"publish","type":"post","link":"https:\/\/blogdoedvaldomagalhaes.com.br\/index.php\/2024\/02\/16\/mais-folia-e-menos-violencia-pernambuco-registra-queda-de-40-nos-roubos-e-17-nos-indices-de-homicidios-no-carnaval\/","title":{"rendered":"Mais folia e menos viol\u00eancia: Pernambuco registra queda de 40% nos roubos e 17% nos \u00edndices de homic\u00eddios no Carnaval"},"content":{"rendered":"<p>Finalizadas as festividades do Carnaval de 2024, o Governo do Estado de Pernambuco, por meio da Secretaria de Defesa Social (SDS), divulgou o balan\u00e7o do per\u00edodo, em coletiva realizada nesta quinta-feira (15), na sede do \u00f3rg\u00e3o. Segundo anunciado pela SDS, no per\u00edodo de quinta a ter\u00e7a-feira de Carnaval (08 a 13\/02), o Estado apontou uma diminui\u00e7\u00e3o de 40% no n\u00famero de roubos em rela\u00e7\u00e3o a 2023 e de quase 30% dos furtos. Reduzindo de 910 (2023) para 550 roubos (2024). E 2.756 (2023) para 1.945 furtos neste ano, uma diferen\u00e7a de 811 casos, o que representa uma redu\u00e7\u00e3o significativa nos Crimes Contra o Patrim\u00f4nio (CVP). J\u00e1 nos \u00edndices de Mortes Violentas Intencionais (MVIs), neste Carnaval, Pernambuco apresentou redu\u00e7\u00e3o de 17% em rela\u00e7\u00e3o ao mesmo per\u00edodo de Carnaval do ano passado, caindo de 82 mortes (2023) para 68 (2024). Al\u00e9m disso, 50 celulares foram recuperados nos polos de folia, um aumento de 85% em compara\u00e7\u00e3o com o recorte do ano passado. <\/p>\n<p>Com um dia a mais de folia, iniciado na quinta-feira (08\/02), e um aumento de 33,28% na solicita\u00e7\u00e3o de policiamento para os eventos carnavalescos, quando comparado a 2023 (3.287), o Estado teve mais de 4 mil festejos apresentados e 713 pedidos de policiamento a mais que o Carnaval passado. Assim, os 67.842 lan\u00e7amentos de jornadas extras de profissionais da Seguran\u00e7a P\u00fablica nas ruas, gra\u00e7as ao investimento de R$12,2 milh\u00f5es, garantiu que o aumento das atua\u00e7\u00f5es das For\u00e7as do Litoral ao Sert\u00e3o pernambucano promovesse a redu\u00e7\u00e3o de mais de 30% das ocorr\u00eancias de agress\u00e3o no Estado. \u201cOs resultados mostram que o planejamento operacional para o Carnaval, iniciado em setembro de 2023, foi bem executado. Agrade\u00e7o a governadora Raquel Lyra, que n\u00e3o mediu esfor\u00e7os para disponibilizar os recursos necess\u00e1rios. Aproveito, tamb\u00e9m, para destacar e agradecer a todos profissionais que, al\u00e9m de proteger vidas, a presen\u00e7a de cada um nas ruas, levaram tranquilidade aos foli\u00f5es que foram brincar, como tamb\u00e9m para aqueles que preferiram curtir o per\u00edodo longe dos focos de folia. Obrigado por proporcionar seguran\u00e7a nos mais de 4 mil eventos, dentre blocos e agremia\u00e7\u00f5es. Sabemos que esses resultados s\u00e3o frutos do trabalho integrado da Seguran\u00e7a P\u00fablica\u201d, avalia Alessandro Carvalho, secret\u00e1rio de Defesa Social. <\/p>\n<p>Cards, v\u00eddeos, panfletos, leques, tatuagens tempor\u00e1rias e orienta\u00e7\u00f5es compartilhadas nos dias de Carnaval, movimentaram a campanha da Secretaria da Mulher do Estado, juntamente ao planejamento e atua\u00e7\u00e3o da SDS no enfrentamento a todos os tipos de viol\u00eancia contra a mulher, dentro e fora dos polos de folia. Refletindo na redu\u00e7\u00e3o de 22% nos \u00edndices de viol\u00eancia contra a mulher em Pernambuco, caindo de 869 para 677 casos dentro do per\u00edodo carnavalesco. Al\u00e9m disso, tamb\u00e9m foi registrada uma diminui\u00e7\u00e3o de 42% nos casos de estupro, reduzindo de 17 (2023) para 12 casos, neste ano, em todo o Estado<\/p>\n<p>Do ponto de vista da Corregedoria Geral da SDS, o Carnaval transcorreu sem ocorr\u00eancias relevantes envolvendo os profissionais de seguran\u00e7a. Em compara\u00e7\u00e3o ao ano passado, o per\u00edodo Momesco deste ano apresentou uma redu\u00e7\u00e3o de 85% no registro de casos. Enquanto em 2023, a Corregedoria registrou 12 ocorr\u00eancias, neste ano, foram apenas duas no s\u00e1bado (10) \u00e0 noite, que j\u00e1 est\u00e3o com as devidas dilig\u00eancias e investiga\u00e7\u00f5es em andamento para que as melhores medidas sejam tomadas. <\/p>\n<p>Durante o per\u00edodo de folia, os dados tamb\u00e9m mostraram redu\u00e7\u00e3o de 52% na quantidade de ocorr\u00eancias gerais do Corpo de Bombeiros Militar (CBMPE) registradas, em compara\u00e7\u00e3o a 2023. Este ano, foram contabilizadas 619, enquanto no ano passado contabilizou 1.283. As a\u00e7\u00f5es do CBMPE, atrav\u00e9s do Grupamento de Bombeiros Mar\u00edtimos (GBMar), tamb\u00e9m resultaram em 12.273 interven\u00e7\u00f5es a banhistas durante o per\u00edodo em todo o Estado. O secret\u00e1rio de Defesa Social destacou o importante trabalho de preven\u00e7\u00e3o. &#8220;Al\u00e9m dos bombeiros militares atuando no salvamento, temos parcerias importantes nas praias de nosso Litoral, o resultado disso \u00e9 que n\u00e3o tivemos v\u00edtimas fatais&#8221;, finalizou.<\/p>\n<p>DEVOLU\u00c7\u00c3O DE MAIS DE 20 CELULARES &#8211; As pol\u00edcias Militar e Civil realizaram, na \u00faltima ter\u00e7a-feira (13), a entrega de celulares que haviam sido furtados durante o Carnaval em Pernambuco. Ao todo, foram recuperados 23 aparelhos. De acordo com a Pol\u00edcia Civil, os celulares foram apreendidos durante uma a\u00e7\u00e3o que prendeu tr\u00eas integrantes de associa\u00e7\u00e3o criminosa que veio de Manaus para atuar na folia em Pernambuco. Os donos dos celulares compareceram na sede da Central de Plant\u00f5es da Capital (Ceplanc), para receberem seus objetos de volta. Foto: Divulga\u00e7\u00e3o\/SDS<\/p>\n<p>Seja seguidor do Instagram do Blog @blogdoedvaldomagalhaes<\/p>\n","protected":false},"excerpt":{"rendered":"<p>Finalizadas as festividades do Carnaval de 2024, o Governo do Estado de Pernambuco, por meio da Secretaria de Defesa Social&hellip;<\/p>\n","protected":false},"author":1,"featured_media":105500,"comment_status":"closed","ping_status":"open","sticky":false,"template":"","format":"standard","meta":{"footnotes":""},"categories":[14120],"tags":[29440,2,28801,3406,29787],"class_list":["post-105499","post","type-post","status-publish","format-standard","has-post-thumbnail","hentry","category-noticias","tag-blog-com-mais-visualizacao","tag-blog-do-edvaldo-magalhaes","tag-blog-mais-acessado","tag-caruaru","tag-mais-folia-e-menos-violencia-pernambuco-registra-queda-de-40-nos-roubos-e-17-nos-indices-de-homicidios-no-carnaval"],"_links":{"self":[{"href":"https:\/\/blogdoedvaldomagalhaes.com.br\/index.php\/wp-json\/wp\/v2\/posts\/105499","targetHints":{"allow":["GET"]}}],"collection":[{"href":"https:\/\/blogdoedvaldomagalhaes.com.br\/index.php\/wp-json\/wp\/v2\/posts"}],"about":[{"href":"https:\/\/blogdoedvaldomagalhaes.com.br\/index.php\/wp-json\/wp\/v2\/types\/post"}],"author":[{"embeddable":true,"href":"https:\/\/blogdoedvaldomagalhaes.com.br\/index.php\/wp-json\/wp\/v2\/users\/1"}],"replies":[{"embeddable":true,"href":"https:\/\/blogdoedvaldomagalhaes.com.br\/index.php\/wp-json\/wp\/v2\/comments?post=105499"}],"version-history":[{"count":2,"href":"https:\/\/blogdoedvaldomagalhaes.com.br\/index.php\/wp-json\/wp\/v2\/posts\/105499\/revisions"}],"predecessor-version":[{"id":105502,"href":"https:\/\/blogdoedvaldomagalhaes.com.br\/index.php\/wp-json\/wp\/v2\/posts\/105499\/revisions\/105502"}],"wp:featuredmedia":[{"embeddable":true,"href":"https:\/\/blogdoedvaldomagalhaes.com.br\/index.php\/wp-json\/wp\/v2\/media\/105500"}],"wp:attachment":[{"href":"https:\/\/blogdoedvaldomagalhaes.com.br\/index.php\/wp-json\/wp\/v2\/media?parent=105499"}],"wp:term":[{"taxonomy":"category","embeddable":true,"href":"https:\/\/blogdoedvaldomagalhaes.com.br\/index.php\/wp-json\/wp\/v2\/categories?post=105499"},{"taxonomy":"post_tag","embeddable":true,"href":"https:\/\/blogdoedvaldomagalhaes.com.br\/index.php\/wp-json\/wp\/v2\/tags?post=105499"}],"curies":[{"name":"wp","href":"https:\/\/api.w.org\/{rel}","templated":true}]}}