{"id":105496,"date":"2024-02-16T10:29:30","date_gmt":"2024-02-16T13:29:30","guid":{"rendered":"https:\/\/blogdoedvaldomagalhaes.com.br\/?p=105496"},"modified":"2024-02-16T10:34:17","modified_gmt":"2024-02-16T13:34:17","slug":"procurado-por-tres-crimes-e-detido-pela-prf-em-santa-cruz-do-capibaribe","status":"publish","type":"post","link":"https:\/\/blogdoedvaldomagalhaes.com.br\/index.php\/2024\/02\/16\/procurado-por-tres-crimes-e-detido-pela-prf-em-santa-cruz-do-capibaribe\/","title":{"rendered":"Procurado por tr\u00eas crimes \u00e9 detido pela PRF em Santa Cruz do Capibaribe"},"content":{"rendered":"<p>Um homem procurado por furto, recepta\u00e7\u00e3o e porte ilegal de arma foi detido pela Pol\u00edcia Rodovi\u00e1ria Federal (PRF), na quinta-feira (15), durante uma fiscaliza\u00e7\u00e3o na BR-104, em Santa Cruz do Capibaribe, no Agreste de Pernambuco. O foragido era procurado desde maio do ano passado, a partir de um mandado expedido pelo Tribunal de Justi\u00e7a da Para\u00edba.<\/p>\n<p>No decorrer da fiscaliza\u00e7\u00e3o, a equipe abordou um carro na divisa entre os estados de Para\u00edba e Pernambuco. Quando questionado, o motorista informou que o ve\u00edculo era do tio dele e que estava no caminho para devolv\u00ea-lo. <\/p>\n<p>O homem tamb\u00e9m afirmou ser inabilitado e n\u00e3o possuir CPF, identificando-se apenas verbalmente. Ap\u00f3s uma verifica\u00e7\u00e3o detalhada, os policiais encontraram sua identidade verdadeira, bem como um mandado de pris\u00e3o ativo, com validade at\u00e9 janeiro de 2034.<\/p>\n<p>O condutor foi encaminhado para a Pol\u00edcia Civil de Santa Cruz do Capibaribe, para ser apresentado \u00e0 justi\u00e7a.<br \/>\nFoto: Divulga\u00e7\u00e3o\/PRF.<\/p>\n<p>Seja seguidor do Instagram do Blog @blogdoedvaldomagalhaes<\/p>\n","protected":false},"excerpt":{"rendered":"<p>Um homem procurado por furto, recepta\u00e7\u00e3o e porte ilegal de arma foi detido pela Pol\u00edcia Rodovi\u00e1ria Federal (PRF), na quinta-feira&hellip;<\/p>\n","protected":false},"author":1,"featured_media":105497,"comment_status":"closed","ping_status":"open","sticky":false,"template":"","format":"standard","meta":{"footnotes":""},"categories":[14121],"tags":[29440,2,28801,3406,29786],"class_list":["post-105496","post","type-post","status-publish","format-standard","has-post-thumbnail","hentry","category-policial","tag-blog-com-mais-visualizacao","tag-blog-do-edvaldo-magalhaes","tag-blog-mais-acessado","tag-caruaru","tag-procurado-por-tres-crimes-e-detido-pela-prf-em-santa-cruz-do-capibaribe"],"_links":{"self":[{"href":"https:\/\/blogdoedvaldomagalhaes.com.br\/index.php\/wp-json\/wp\/v2\/posts\/105496","targetHints":{"allow":["GET"]}}],"collection":[{"href":"https:\/\/blogdoedvaldomagalhaes.com.br\/index.php\/wp-json\/wp\/v2\/posts"}],"about":[{"href":"https:\/\/blogdoedvaldomagalhaes.com.br\/index.php\/wp-json\/wp\/v2\/types\/post"}],"author":[{"embeddable":true,"href":"https:\/\/blogdoedvaldomagalhaes.com.br\/index.php\/wp-json\/wp\/v2\/users\/1"}],"replies":[{"embeddable":true,"href":"https:\/\/blogdoedvaldomagalhaes.com.br\/index.php\/wp-json\/wp\/v2\/comments?post=105496"}],"version-history":[{"count":1,"href":"https:\/\/blogdoedvaldomagalhaes.com.br\/index.php\/wp-json\/wp\/v2\/posts\/105496\/revisions"}],"predecessor-version":[{"id":105498,"href":"https:\/\/blogdoedvaldomagalhaes.com.br\/index.php\/wp-json\/wp\/v2\/posts\/105496\/revisions\/105498"}],"wp:featuredmedia":[{"embeddable":true,"href":"https:\/\/blogdoedvaldomagalhaes.com.br\/index.php\/wp-json\/wp\/v2\/media\/105497"}],"wp:attachment":[{"href":"https:\/\/blogdoedvaldomagalhaes.com.br\/index.php\/wp-json\/wp\/v2\/media?parent=105496"}],"wp:term":[{"taxonomy":"category","embeddable":true,"href":"https:\/\/blogdoedvaldomagalhaes.com.br\/index.php\/wp-json\/wp\/v2\/categories?post=105496"},{"taxonomy":"post_tag","embeddable":true,"href":"https:\/\/blogdoedvaldomagalhaes.com.br\/index.php\/wp-json\/wp\/v2\/tags?post=105496"}],"curies":[{"name":"wp","href":"https:\/\/api.w.org\/{rel}","templated":true}]}}