{"id":105485,"date":"2024-02-15T19:40:46","date_gmt":"2024-02-15T22:40:46","guid":{"rendered":"https:\/\/blogdoedvaldomagalhaes.com.br\/?p=105485"},"modified":"2024-02-15T19:40:47","modified_gmt":"2024-02-15T22:40:47","slug":"bloco-liso-fica-em-casa-em-ibirajuba-neste-sabado-17","status":"publish","type":"post","link":"https:\/\/blogdoedvaldomagalhaes.com.br\/index.php\/2024\/02\/15\/bloco-liso-fica-em-casa-em-ibirajuba-neste-sabado-17\/","title":{"rendered":"Bloco Liso Fica em Casa, em Ibirajuba, neste s\u00e1bado (17)"},"content":{"rendered":"<p>A cidade de Ibirajuba, no Agreste de Pernambuco, est\u00e1 na expectativa para o Bloco Liso Fica em Casa, que ocorrer\u00e1 neste s\u00e1bado (17), encerrando a folia no interior do Estado. Este ano, o bloco completa dez anos de funda\u00e7\u00e3o e, ao longo de sua hist\u00f3ria, tem espalhado alegria para os foli\u00f5es em oito edi\u00e7\u00f5es da festividade.<\/p>\n<p>Est\u00e3o confirmadas as participa\u00e7\u00f5es do cantor Davi Firma, Pared\u00e3o da Uva, Edyshow e \u00c1vila Larissa. A concentra\u00e7\u00e3o ser\u00e1 a partir das 16h, na Rua Professor Alencar, no palco principal montado no Centro da cidade, seguindo pelas principais ruas de Ibirajuba. Ao longo do percurso, haver\u00e1 open bar para os foli\u00f5es que adquirirem o kit, que est\u00e1 no valor de R$ 49,90 e est\u00e1 sendo vendido atrav\u00e9s do telefone (81) 9.9267-7115.<\/p>\n<p>\u201cO Bloco Liso Fica em Casa teve um in\u00edcio singular em 2014, quando eu perguntei ao amigo Max Rodrigues (in memoriam) sobre sua decis\u00e3o de n\u00e3o viajar durante o Carnaval. A resposta descontra\u00edda de Max Rodrigues, afirmando que \u2018liso fica em casa\u2019, inspirou o nome do bloco. Acabei reconhecendo o potencial cativante desse lema, dando origem a uma tradi\u00e7\u00e3o divertida que, ao longo dos anos, evoluiu de uma comemora\u00e7\u00e3o entre amigos para um bloco de Carnaval animado\u201d, afirma o organizador Edilson Sobral, lembrando como surgiu a ideia do bloco.<\/p>\n<p>Para acompanhar a folia, \u00e9 s\u00f3 seguir o Instagram @blocolisoficaemcasa.<\/p>\n<p>Seja seguidor do Instagram do Blog @blogdoedvaldomagalhaes<\/p>\n","protected":false},"excerpt":{"rendered":"<p>A cidade de Ibirajuba, no Agreste de Pernambuco, est\u00e1 na expectativa para o Bloco Liso Fica em Casa, que ocorrer\u00e1&hellip;<\/p>\n","protected":false},"author":1,"featured_media":105486,"comment_status":"closed","ping_status":"open","sticky":false,"template":"","format":"standard","meta":{"footnotes":""},"categories":[14120],"tags":[29783,29440,2,28801,3406],"class_list":["post-105485","post","type-post","status-publish","format-standard","has-post-thumbnail","hentry","category-noticias","tag-bloco-liso-fica-em-casa-em-ibirajuba-neste-sabado-17","tag-blog-com-mais-visualizacao","tag-blog-do-edvaldo-magalhaes","tag-blog-mais-acessado","tag-caruaru"],"_links":{"self":[{"href":"https:\/\/blogdoedvaldomagalhaes.com.br\/index.php\/wp-json\/wp\/v2\/posts\/105485","targetHints":{"allow":["GET"]}}],"collection":[{"href":"https:\/\/blogdoedvaldomagalhaes.com.br\/index.php\/wp-json\/wp\/v2\/posts"}],"about":[{"href":"https:\/\/blogdoedvaldomagalhaes.com.br\/index.php\/wp-json\/wp\/v2\/types\/post"}],"author":[{"embeddable":true,"href":"https:\/\/blogdoedvaldomagalhaes.com.br\/index.php\/wp-json\/wp\/v2\/users\/1"}],"replies":[{"embeddable":true,"href":"https:\/\/blogdoedvaldomagalhaes.com.br\/index.php\/wp-json\/wp\/v2\/comments?post=105485"}],"version-history":[{"count":1,"href":"https:\/\/blogdoedvaldomagalhaes.com.br\/index.php\/wp-json\/wp\/v2\/posts\/105485\/revisions"}],"predecessor-version":[{"id":105487,"href":"https:\/\/blogdoedvaldomagalhaes.com.br\/index.php\/wp-json\/wp\/v2\/posts\/105485\/revisions\/105487"}],"wp:featuredmedia":[{"embeddable":true,"href":"https:\/\/blogdoedvaldomagalhaes.com.br\/index.php\/wp-json\/wp\/v2\/media\/105486"}],"wp:attachment":[{"href":"https:\/\/blogdoedvaldomagalhaes.com.br\/index.php\/wp-json\/wp\/v2\/media?parent=105485"}],"wp:term":[{"taxonomy":"category","embeddable":true,"href":"https:\/\/blogdoedvaldomagalhaes.com.br\/index.php\/wp-json\/wp\/v2\/categories?post=105485"},{"taxonomy":"post_tag","embeddable":true,"href":"https:\/\/blogdoedvaldomagalhaes.com.br\/index.php\/wp-json\/wp\/v2\/tags?post=105485"}],"curies":[{"name":"wp","href":"https:\/\/api.w.org\/{rel}","templated":true}]}}