{"id":105482,"date":"2024-02-15T19:34:53","date_gmt":"2024-02-15T22:34:53","guid":{"rendered":"https:\/\/blogdoedvaldomagalhaes.com.br\/?p=105482"},"modified":"2024-02-15T19:34:54","modified_gmt":"2024-02-15T22:34:54","slug":"linha-de-onibus-340-rendeiras-caruaru-shopping-tera-rota-ampliada-para-alguns-bairros","status":"publish","type":"post","link":"https:\/\/blogdoedvaldomagalhaes.com.br\/index.php\/2024\/02\/15\/linha-de-onibus-340-rendeiras-caruaru-shopping-tera-rota-ampliada-para-alguns-bairros\/","title":{"rendered":"Linha de \u00f4nibus 340 (Rendeiras\/Caruaru Shopping), ter\u00e1 rota ampliada para alguns bairros"},"content":{"rendered":"<p>A Autarquia de Mobilidade, Tr\u00e2nsito e Transporte de Caruaru (AMTTC), informa que, a partir desta segunda-feira (19.02), a linha de \u00f4nibus 340 (Rendeiras\/Caruaru Shopping), ter\u00e1 rota ampliada para fins de atendimento aos bairros Cidade Alta; Adalgisa Nunes; Encanto da Serra e Morada Verde, abrangendo tamb\u00e9m as localidades do Shopping Caruaru, no bairro Indian\u00f3polis, e a Seduc, no bairro Petr\u00f3polis. <\/p>\n<p>O servi\u00e7o da linha urbana 340 contemplar\u00e1 11 viagens por dia e percorrer\u00e1 as principais vias dos bairros citados. A tabela de hor\u00e1rio est\u00e1 dispon\u00edvel no aplicativo do Bus2.app. <\/p>\n<p>O objetivo desta amplia\u00e7\u00e3o \u00e9 garantir o atendimento de qualidade e comodidade aos usu\u00e1rios. Foto: Bruno Henrique\/Prefeitura de Caruaru<\/p>\n<p>Seja seguidor do Instagram do Blog @blogdoedvaldomagalhaes<\/p>\n","protected":false},"excerpt":{"rendered":"<p>A Autarquia de Mobilidade, Tr\u00e2nsito e Transporte de Caruaru (AMTTC), informa que, a partir desta segunda-feira (19.02), a linha de&hellip;<\/p>\n","protected":false},"author":1,"featured_media":105483,"comment_status":"closed","ping_status":"open","sticky":false,"template":"","format":"standard","meta":{"footnotes":""},"categories":[14120],"tags":[29440,2,28801,3406,29782],"class_list":["post-105482","post","type-post","status-publish","format-standard","has-post-thumbnail","hentry","category-noticias","tag-blog-com-mais-visualizacao","tag-blog-do-edvaldo-magalhaes","tag-blog-mais-acessado","tag-caruaru","tag-linha-de-onibus-340-rendeiras-caruaru-shopping-tera-rota-ampliada-para-alguns-bairros"],"_links":{"self":[{"href":"https:\/\/blogdoedvaldomagalhaes.com.br\/index.php\/wp-json\/wp\/v2\/posts\/105482","targetHints":{"allow":["GET"]}}],"collection":[{"href":"https:\/\/blogdoedvaldomagalhaes.com.br\/index.php\/wp-json\/wp\/v2\/posts"}],"about":[{"href":"https:\/\/blogdoedvaldomagalhaes.com.br\/index.php\/wp-json\/wp\/v2\/types\/post"}],"author":[{"embeddable":true,"href":"https:\/\/blogdoedvaldomagalhaes.com.br\/index.php\/wp-json\/wp\/v2\/users\/1"}],"replies":[{"embeddable":true,"href":"https:\/\/blogdoedvaldomagalhaes.com.br\/index.php\/wp-json\/wp\/v2\/comments?post=105482"}],"version-history":[{"count":1,"href":"https:\/\/blogdoedvaldomagalhaes.com.br\/index.php\/wp-json\/wp\/v2\/posts\/105482\/revisions"}],"predecessor-version":[{"id":105484,"href":"https:\/\/blogdoedvaldomagalhaes.com.br\/index.php\/wp-json\/wp\/v2\/posts\/105482\/revisions\/105484"}],"wp:featuredmedia":[{"embeddable":true,"href":"https:\/\/blogdoedvaldomagalhaes.com.br\/index.php\/wp-json\/wp\/v2\/media\/105483"}],"wp:attachment":[{"href":"https:\/\/blogdoedvaldomagalhaes.com.br\/index.php\/wp-json\/wp\/v2\/media?parent=105482"}],"wp:term":[{"taxonomy":"category","embeddable":true,"href":"https:\/\/blogdoedvaldomagalhaes.com.br\/index.php\/wp-json\/wp\/v2\/categories?post=105482"},{"taxonomy":"post_tag","embeddable":true,"href":"https:\/\/blogdoedvaldomagalhaes.com.br\/index.php\/wp-json\/wp\/v2\/tags?post=105482"}],"curies":[{"name":"wp","href":"https:\/\/api.w.org\/{rel}","templated":true}]}}