{"id":105480,"date":"2024-02-15T19:02:55","date_gmt":"2024-02-15T22:02:55","guid":{"rendered":"https:\/\/blogdoedvaldomagalhaes.com.br\/?p=105480"},"modified":"2024-02-15T19:02:56","modified_gmt":"2024-02-15T22:02:56","slug":"anderson-correia-pede-criacao-da-frente-parlamentar-de-combate-ao-cancer-infantil-no-agreste","status":"publish","type":"post","link":"https:\/\/blogdoedvaldomagalhaes.com.br\/index.php\/2024\/02\/15\/anderson-correia-pede-criacao-da-frente-parlamentar-de-combate-ao-cancer-infantil-no-agreste\/","title":{"rendered":"Anderson Correia pede cria\u00e7\u00e3o da Frente Parlamentar de Combate ao C\u00e2ncer Infantil no Agreste"},"content":{"rendered":"<p>Nesta quinta-feira, 15 de fevereiro, \u00e9 o Dia Internacional de Combate ao C\u00e2ncer Infantil, e o vereador Anderson Correia (PP), engajado nesta causa, que \u00e9 uma das bandeiras de seu mandato, solicitou por meio de requerimento (n\u00ba 225\/2024), a cria\u00e7\u00e3o da Frente Parlamentar de Combate a C\u00e2ncer Infantil no Agreste. <\/p>\n<p>A iniciativa tem o objetivo de integrar as diversas c\u00e2maras da regi\u00e3o, com debates e levantamento de solu\u00e7\u00f5es, por meio de pol\u00edticas p\u00fablicas, a serem aplicadas nos munic\u00edpios, para crian\u00e7as com c\u00e2ncer de terem acesso ao diagn\u00f3stico precoce, ao tratamento do c\u00e2ncer e a cuidados centrados na fam\u00edlia para suportarem o longo per\u00edodo desde o diagn\u00f3stico at\u00e9 a alta m\u00e9dica.<\/p>\n<p>\u201cEssa \u00e9 uma causa que tenho grande apre\u00e7o e luto desde o in\u00edcio do mandato. Precisamos olhar para essa pauta, algo que estamos fazendo com afinco na busca por credenciar o ICIA no SUS, que dobrar\u00e1 o n\u00famero de UTI\u2019s pedi\u00e1tricas na regi\u00e3o. Nesta data t\u00e3o importante na luta contra o c\u00e2ncer infantil, a Frente Parlamentar chega com o intuito de ser um marco para o progresso desta bandeira, reunindo parlamentares e representantes do Poder Executivo e Legislativo para mobilizar a implanta\u00e7\u00e3o de medidas adequadas para aumentar as chances de sobrevida do c\u00e2ncer infantil\u201d, destacou Anderson.<br \/>\nFoto: Divulga\u00e7\u00e3o<\/p>\n<p>Seja seguidor do Instagram do Blog @blogdoedvaldomagalhaes<\/p>\n","protected":false},"excerpt":{"rendered":"<p>Nesta quinta-feira, 15 de fevereiro, \u00e9 o Dia Internacional de Combate ao C\u00e2ncer Infantil, e o vereador Anderson Correia (PP),&hellip;<\/p>\n","protected":false},"author":1,"featured_media":105477,"comment_status":"closed","ping_status":"open","sticky":false,"template":"","format":"standard","meta":{"footnotes":""},"categories":[14122],"tags":[29781,29440,2,28801,3406,20],"class_list":["post-105480","post","type-post","status-publish","format-standard","has-post-thumbnail","hentry","category-politica","tag-anderson-correia-pede-criacao-da-frente-parlamentar-de-combate-ao-cancer-infantil-no-agreste","tag-blog-com-mais-visualizacao","tag-blog-do-edvaldo-magalhaes","tag-blog-mais-acessado","tag-caruaru","tag-politica"],"_links":{"self":[{"href":"https:\/\/blogdoedvaldomagalhaes.com.br\/index.php\/wp-json\/wp\/v2\/posts\/105480","targetHints":{"allow":["GET"]}}],"collection":[{"href":"https:\/\/blogdoedvaldomagalhaes.com.br\/index.php\/wp-json\/wp\/v2\/posts"}],"about":[{"href":"https:\/\/blogdoedvaldomagalhaes.com.br\/index.php\/wp-json\/wp\/v2\/types\/post"}],"author":[{"embeddable":true,"href":"https:\/\/blogdoedvaldomagalhaes.com.br\/index.php\/wp-json\/wp\/v2\/users\/1"}],"replies":[{"embeddable":true,"href":"https:\/\/blogdoedvaldomagalhaes.com.br\/index.php\/wp-json\/wp\/v2\/comments?post=105480"}],"version-history":[{"count":1,"href":"https:\/\/blogdoedvaldomagalhaes.com.br\/index.php\/wp-json\/wp\/v2\/posts\/105480\/revisions"}],"predecessor-version":[{"id":105481,"href":"https:\/\/blogdoedvaldomagalhaes.com.br\/index.php\/wp-json\/wp\/v2\/posts\/105480\/revisions\/105481"}],"wp:featuredmedia":[{"embeddable":true,"href":"https:\/\/blogdoedvaldomagalhaes.com.br\/index.php\/wp-json\/wp\/v2\/media\/105477"}],"wp:attachment":[{"href":"https:\/\/blogdoedvaldomagalhaes.com.br\/index.php\/wp-json\/wp\/v2\/media?parent=105480"}],"wp:term":[{"taxonomy":"category","embeddable":true,"href":"https:\/\/blogdoedvaldomagalhaes.com.br\/index.php\/wp-json\/wp\/v2\/categories?post=105480"},{"taxonomy":"post_tag","embeddable":true,"href":"https:\/\/blogdoedvaldomagalhaes.com.br\/index.php\/wp-json\/wp\/v2\/tags?post=105480"}],"curies":[{"name":"wp","href":"https:\/\/api.w.org\/{rel}","templated":true}]}}