{"id":105476,"date":"2024-02-15T17:11:26","date_gmt":"2024-02-15T20:11:26","guid":{"rendered":"https:\/\/blogdoedvaldomagalhaes.com.br\/?p=105476"},"modified":"2024-02-15T18:59:41","modified_gmt":"2024-02-15T21:59:41","slug":"prorrogada-as-inscricoes-para-2a-conferencia-municipal-de-desenvolvimento-rural-de-caruaru","status":"publish","type":"post","link":"https:\/\/blogdoedvaldomagalhaes.com.br\/index.php\/2024\/02\/15\/prorrogada-as-inscricoes-para-2a-conferencia-municipal-de-desenvolvimento-rural-de-caruaru\/","title":{"rendered":"Prorrogada as inscri\u00e7\u00f5es para 2\u00aa Confer\u00eancia Municipal de Desenvolvimento Rural de Caruaru"},"content":{"rendered":"<p>A Secretaria de Desenvolvimento Rural (SDR), em conjunto com o Conselho Municipal Unificado de Desenvolvimento Rural Sustent\u00e1vel, prorrogou as inscri\u00e7\u00f5es para 2\u00aa Confer\u00eancia Municipal de Desenvolvimento Rural de Caruaru. Os interessados podem confirmar a participa\u00e7\u00e3o at\u00e9 o dia 23 de fevereiro.<\/p>\n<p>A 2\u00aa Confer\u00eancia Municipal de Desenvolvimento Rural de Caruaru ser\u00e1 no dia 26 de fevereiro, iniciando \u00e0s 9h, na Secretaria de Educa\u00e7\u00e3o e Esportes, no antigo pr\u00e9dio da Fafica. O Tema deste ano ser\u00e1: \u201cNovas Ruralidades: di\u00e1logos necess\u00e1rios para efetiva\u00e7\u00e3o do desenvolvimento socioambiental sustent\u00e1vel e da soberania alimentar\u201d.<\/p>\n<p>O encontro ter\u00e1 o objetivo de debater o Plano Municipal de Desenvolvimento Rural (PMDR), buscando ampliar e fortalecer apontamentos previstos no PMDR, bem como prospectar novas pol\u00edticas p\u00fablicas para o munic\u00edpio, com os representantes civis e municipais. Dessa forma, garantindo transpar\u00eancia e comprometimento para o efetivo desenvolvimento rural de toda popula\u00e7\u00e3o residente nas respectivas vilas rurais. <\/p>\n<p>As inscri\u00e7\u00f5es s\u00e3o feitas exclusivamente por meio do link: bit.ly\/conferenciarural <\/p>\n<p>Seja seguidor do Instagram do Blog @blogdoedvaldomagalhaes<\/p>\n","protected":false},"excerpt":{"rendered":"<p>A Secretaria de Desenvolvimento Rural (SDR), em conjunto com o Conselho Municipal Unificado de Desenvolvimento Rural Sustent\u00e1vel, prorrogou as inscri\u00e7\u00f5es&hellip;<\/p>\n","protected":false},"author":1,"featured_media":105479,"comment_status":"closed","ping_status":"open","sticky":false,"template":"","format":"standard","meta":{"footnotes":""},"categories":[14120],"tags":[29440,2,28801,3406,29780],"class_list":["post-105476","post","type-post","status-publish","format-standard","has-post-thumbnail","hentry","category-noticias","tag-blog-com-mais-visualizacao","tag-blog-do-edvaldo-magalhaes","tag-blog-mais-acessado","tag-caruaru","tag-prorrogada-as-inscricoes-para-2a-conferencia-municipal-de-desenvolvimento-rural-de-caruaru"],"_links":{"self":[{"href":"https:\/\/blogdoedvaldomagalhaes.com.br\/index.php\/wp-json\/wp\/v2\/posts\/105476","targetHints":{"allow":["GET"]}}],"collection":[{"href":"https:\/\/blogdoedvaldomagalhaes.com.br\/index.php\/wp-json\/wp\/v2\/posts"}],"about":[{"href":"https:\/\/blogdoedvaldomagalhaes.com.br\/index.php\/wp-json\/wp\/v2\/types\/post"}],"author":[{"embeddable":true,"href":"https:\/\/blogdoedvaldomagalhaes.com.br\/index.php\/wp-json\/wp\/v2\/users\/1"}],"replies":[{"embeddable":true,"href":"https:\/\/blogdoedvaldomagalhaes.com.br\/index.php\/wp-json\/wp\/v2\/comments?post=105476"}],"version-history":[{"count":1,"href":"https:\/\/blogdoedvaldomagalhaes.com.br\/index.php\/wp-json\/wp\/v2\/posts\/105476\/revisions"}],"predecessor-version":[{"id":105478,"href":"https:\/\/blogdoedvaldomagalhaes.com.br\/index.php\/wp-json\/wp\/v2\/posts\/105476\/revisions\/105478"}],"wp:featuredmedia":[{"embeddable":true,"href":"https:\/\/blogdoedvaldomagalhaes.com.br\/index.php\/wp-json\/wp\/v2\/media\/105479"}],"wp:attachment":[{"href":"https:\/\/blogdoedvaldomagalhaes.com.br\/index.php\/wp-json\/wp\/v2\/media?parent=105476"}],"wp:term":[{"taxonomy":"category","embeddable":true,"href":"https:\/\/blogdoedvaldomagalhaes.com.br\/index.php\/wp-json\/wp\/v2\/categories?post=105476"},{"taxonomy":"post_tag","embeddable":true,"href":"https:\/\/blogdoedvaldomagalhaes.com.br\/index.php\/wp-json\/wp\/v2\/tags?post=105476"}],"curies":[{"name":"wp","href":"https:\/\/api.w.org\/{rel}","templated":true}]}}