{"id":105473,"date":"2024-02-15T10:01:35","date_gmt":"2024-02-15T13:01:35","guid":{"rendered":"https:\/\/blogdoedvaldomagalhaes.com.br\/?p=105473"},"modified":"2024-02-15T10:01:36","modified_gmt":"2024-02-15T13:01:36","slug":"operacao-carnaval-da-prf-registra-mortes-feridos-e-autuacoes","status":"publish","type":"post","link":"https:\/\/blogdoedvaldomagalhaes.com.br\/index.php\/2024\/02\/15\/operacao-carnaval-da-prf-registra-mortes-feridos-e-autuacoes\/","title":{"rendered":"Opera\u00e7\u00e3o Carnaval da PRF registra mortes, feridos e autua\u00e7\u00f5es"},"content":{"rendered":"<p>Com o aumento na movimenta\u00e7\u00e3o de ve\u00edculos nas rodovias federais devido ao feriado prolongado, a Pol\u00edcia Rodovi\u00e1ria Federal (PRF) realizou, entre os dias 09 a 14 de fevereiro, a Opera\u00e7\u00e3o Carnaval 2024 em Pernambuco. Nesse per\u00edodo, foram registrados 57 sinistros de tr\u00e2nsito, com 50 feridos e duas mortes. No ano passado, a opera\u00e7\u00e3o ocorreu entre os dias 17 a 22 de fevereiro, sendo atendidas 50 colis\u00f5es, com 55 feridos e duas mortes.   <\/p>\n<p>Um homem perdeu a vida ap\u00f3s ser atropelado por um ve\u00edculo n\u00e3o identificado na noite de sexta-feira (9), na BR 424, em Garanhuns. J\u00e1 na madrugada de quarta-feira (14), a passageira de uma motoneta faleceu ap\u00f3s a moto em que ela estava ser atingida por outro ve\u00edculo n\u00e3o identificado, na BR 232, em Gravat\u00e1. O condutor da motoneta ficou ferido e foi encaminhado a uma unidade de sa\u00fade da regi\u00e3o.<\/p>\n<p>Em seis dias, a PRF fiscalizou 3.436 ve\u00edculos e 4.067 pessoas, emitiu 2.738 autua\u00e7\u00f5es e registrou 224,8 toneladas de excesso de peso em ve\u00edculos de carga. Entre as infra\u00e7\u00f5es, destacam-se 448 por ultrapassagens indevidas, 110 pelo n\u00e3o uso do cinto de seguran\u00e7a, 76 pela falta do capacete e 50 por alcoolemia. Al\u00e9m disso, foram emitidos 40 autos pelo desrespeito \u00e0 Lei do Descanso do motorista, 33 pela aus\u00eancia do dispositivo de reten\u00e7\u00e3o para crian\u00e7as (beb\u00ea-conforto, cadeirinha ou assento de eleva\u00e7\u00e3o) e 12 por manusear celular na dire\u00e7\u00e3o de ve\u00edculo. <\/p>\n<p>As a\u00e7\u00f5es de combate \u00e0 criminalidade contribu\u00edram para apreender tr\u00eas armas de fogo e recuperar quatro ve\u00edculos roubados ou com queixa de apropria\u00e7\u00e3o ind\u00e9bita. Ao todo, 15 pessoas foram detidas por diversos crimes, como porte ilegal de arma, recepta\u00e7\u00e3o, estupro e por crimes ambientais<\/p>\n<p>As abordagens educativas alcan\u00e7aram 747 condutores e passageiros, com orienta\u00e7\u00f5es sobre condutas que preservam vidas no tr\u00e2nsito. Durante a opera\u00e7\u00e3o, tamb\u00e9m foram prestados 95 aux\u00edlios a motoristas que tiveram problemas com o ve\u00edculo, retirados 127 animais de grande porte das rodovias e realizados dois resgates aerom\u00e9dicos pelo N\u00facleo de Opera\u00e7\u00f5es A\u00e9reas da PRF e SAMU Metropolitano Recife.<\/p>\n<p>A fiscaliza\u00e7\u00e3o ainda resultou no recolhimento de 190 ve\u00edculos irregulares e 203 Certificados de Registro e Licenciamento de Ve\u00edculo (CRLV). Foto: Divulga\u00e7\u00e3o\/PRF.<\/p>\n<p>Seja seguidor do Instagram do Blog @blogdoedvaldomagalhaes<\/p>\n","protected":false},"excerpt":{"rendered":"<p>Com o aumento na movimenta\u00e7\u00e3o de ve\u00edculos nas rodovias federais devido ao feriado prolongado, a Pol\u00edcia Rodovi\u00e1ria Federal (PRF) realizou,&hellip;<\/p>\n","protected":false},"author":1,"featured_media":105474,"comment_status":"closed","ping_status":"open","sticky":false,"template":"","format":"standard","meta":{"footnotes":""},"categories":[14120],"tags":[29440,2,28801,3406,29779],"class_list":["post-105473","post","type-post","status-publish","format-standard","has-post-thumbnail","hentry","category-noticias","tag-blog-com-mais-visualizacao","tag-blog-do-edvaldo-magalhaes","tag-blog-mais-acessado","tag-caruaru","tag-operacao-carnaval-da-prf-registra-mortes-feridos-e-autuacoes"],"_links":{"self":[{"href":"https:\/\/blogdoedvaldomagalhaes.com.br\/index.php\/wp-json\/wp\/v2\/posts\/105473","targetHints":{"allow":["GET"]}}],"collection":[{"href":"https:\/\/blogdoedvaldomagalhaes.com.br\/index.php\/wp-json\/wp\/v2\/posts"}],"about":[{"href":"https:\/\/blogdoedvaldomagalhaes.com.br\/index.php\/wp-json\/wp\/v2\/types\/post"}],"author":[{"embeddable":true,"href":"https:\/\/blogdoedvaldomagalhaes.com.br\/index.php\/wp-json\/wp\/v2\/users\/1"}],"replies":[{"embeddable":true,"href":"https:\/\/blogdoedvaldomagalhaes.com.br\/index.php\/wp-json\/wp\/v2\/comments?post=105473"}],"version-history":[{"count":1,"href":"https:\/\/blogdoedvaldomagalhaes.com.br\/index.php\/wp-json\/wp\/v2\/posts\/105473\/revisions"}],"predecessor-version":[{"id":105475,"href":"https:\/\/blogdoedvaldomagalhaes.com.br\/index.php\/wp-json\/wp\/v2\/posts\/105473\/revisions\/105475"}],"wp:featuredmedia":[{"embeddable":true,"href":"https:\/\/blogdoedvaldomagalhaes.com.br\/index.php\/wp-json\/wp\/v2\/media\/105474"}],"wp:attachment":[{"href":"https:\/\/blogdoedvaldomagalhaes.com.br\/index.php\/wp-json\/wp\/v2\/media?parent=105473"}],"wp:term":[{"taxonomy":"category","embeddable":true,"href":"https:\/\/blogdoedvaldomagalhaes.com.br\/index.php\/wp-json\/wp\/v2\/categories?post=105473"},{"taxonomy":"post_tag","embeddable":true,"href":"https:\/\/blogdoedvaldomagalhaes.com.br\/index.php\/wp-json\/wp\/v2\/tags?post=105473"}],"curies":[{"name":"wp","href":"https:\/\/api.w.org\/{rel}","templated":true}]}}