{"id":105471,"date":"2024-02-15T09:52:01","date_gmt":"2024-02-15T12:52:01","guid":{"rendered":"https:\/\/blogdoedvaldomagalhaes.com.br\/?p=105471"},"modified":"2024-02-15T09:52:02","modified_gmt":"2024-02-15T12:52:02","slug":"vereador-jorge-quintino-cria-programa-de-descoberta-precoce-do-autismo","status":"publish","type":"post","link":"https:\/\/blogdoedvaldomagalhaes.com.br\/index.php\/2024\/02\/15\/vereador-jorge-quintino-cria-programa-de-descoberta-precoce-do-autismo\/","title":{"rendered":"Vereador Jorge Quintino cria programa de descoberta precoce do autismo"},"content":{"rendered":"<p>O vereador Jorge Quintino (SD), apresentou uma proposta para implementar o Programa Municipal de Descoberta de Sinais Precoces de Autismo em Caruaru, visando melhorar o acesso ao diagn\u00f3stico e tratamento para crian\u00e7as na cidade. Segundo a norma, dever\u00e1 ser aplicado o teste escala M-chat em crian\u00e7as entre 16 (dezesseis) e 30 (trinta) meses de idade, conforme recomenda\u00e7\u00e3o da Sociedade Brasileira de Pediatria.<\/p>\n<p>A implementa\u00e7\u00e3o da lei vai auxiliar na efic\u00e1cia do tratamento e na coleta de dados para estat\u00edsticas futuras sobre o panorama do Transtorno do Espectro Autista (TEA) na cidade. De acordo com o vereador Jorge Quintino,  \u201cuma vez criado, as crian\u00e7as poder\u00e3o ter um acompanhamento mais individualizado, de forma a possibilitar uma maior velocidade na procura de profissionais especializados, bem como o acompanhamento do Conselho Tutelar \u00e0s demandas necess\u00e1rias em caso de confirma\u00e7\u00e3o de diagn\u00f3stico\u201d, explicou.<\/p>\n<p>A norma ainda prev\u00ea que, no momento da realiza\u00e7\u00e3o do teste, os respons\u00e1veis dever\u00e3o ser informados sobre a import\u00e2ncia de uma poss\u00edvel identifica\u00e7\u00e3o do TEA, de forma precoce, bem como da pontua\u00e7\u00e3o que caracteriza o grau baixo, m\u00e9dio ou alto de probabilidade de identifica\u00e7\u00e3o do autismo, sendo risco baixo zero a 2; risco moderado, 3 a 7 e risco elevado 8 a 20, conforme classifica\u00e7\u00e3o da escala M-Chat. Jorge Quintino destaca a relev\u00e2ncia deste programa para a comunidade de Caruaru e est\u00e1 comprometido em buscar o apoio necess\u00e1rio para sua implementa\u00e7\u00e3o na cidade.<br \/>\nFoto: Vladimir Barreto <\/p>\n<p>Seja seguidor do Instagram do Blog para comentar @blogdoedvaldomagalhaes<\/p>\n","protected":false},"excerpt":{"rendered":"<p>O vereador Jorge Quintino (SD), apresentou uma proposta para implementar o Programa Municipal de Descoberta de Sinais Precoces de Autismo&hellip;<\/p>\n","protected":false},"author":1,"featured_media":105045,"comment_status":"closed","ping_status":"open","sticky":false,"template":"","format":"standard","meta":{"footnotes":""},"categories":[14122],"tags":[29440,2,28801,3406,20,29778],"class_list":["post-105471","post","type-post","status-publish","format-standard","has-post-thumbnail","hentry","category-politica","tag-blog-com-mais-visualizacao","tag-blog-do-edvaldo-magalhaes","tag-blog-mais-acessado","tag-caruaru","tag-politica","tag-vereador-jorge-quintino-cria-programa-de-descoberta-precoce-do-autismo"],"_links":{"self":[{"href":"https:\/\/blogdoedvaldomagalhaes.com.br\/index.php\/wp-json\/wp\/v2\/posts\/105471","targetHints":{"allow":["GET"]}}],"collection":[{"href":"https:\/\/blogdoedvaldomagalhaes.com.br\/index.php\/wp-json\/wp\/v2\/posts"}],"about":[{"href":"https:\/\/blogdoedvaldomagalhaes.com.br\/index.php\/wp-json\/wp\/v2\/types\/post"}],"author":[{"embeddable":true,"href":"https:\/\/blogdoedvaldomagalhaes.com.br\/index.php\/wp-json\/wp\/v2\/users\/1"}],"replies":[{"embeddable":true,"href":"https:\/\/blogdoedvaldomagalhaes.com.br\/index.php\/wp-json\/wp\/v2\/comments?post=105471"}],"version-history":[{"count":1,"href":"https:\/\/blogdoedvaldomagalhaes.com.br\/index.php\/wp-json\/wp\/v2\/posts\/105471\/revisions"}],"predecessor-version":[{"id":105472,"href":"https:\/\/blogdoedvaldomagalhaes.com.br\/index.php\/wp-json\/wp\/v2\/posts\/105471\/revisions\/105472"}],"wp:featuredmedia":[{"embeddable":true,"href":"https:\/\/blogdoedvaldomagalhaes.com.br\/index.php\/wp-json\/wp\/v2\/media\/105045"}],"wp:attachment":[{"href":"https:\/\/blogdoedvaldomagalhaes.com.br\/index.php\/wp-json\/wp\/v2\/media?parent=105471"}],"wp:term":[{"taxonomy":"category","embeddable":true,"href":"https:\/\/blogdoedvaldomagalhaes.com.br\/index.php\/wp-json\/wp\/v2\/categories?post=105471"},{"taxonomy":"post_tag","embeddable":true,"href":"https:\/\/blogdoedvaldomagalhaes.com.br\/index.php\/wp-json\/wp\/v2\/tags?post=105471"}],"curies":[{"name":"wp","href":"https:\/\/api.w.org\/{rel}","templated":true}]}}