{"id":105468,"date":"2024-02-14T21:26:47","date_gmt":"2024-02-15T00:26:47","guid":{"rendered":"https:\/\/blogdoedvaldomagalhaes.com.br\/?p=105468"},"modified":"2024-02-14T21:26:48","modified_gmt":"2024-02-15T00:26:48","slug":"inmet-e-apac-emitem-alerta-de-chuvas-fortes-para-pernambuco","status":"publish","type":"post","link":"https:\/\/blogdoedvaldomagalhaes.com.br\/index.php\/2024\/02\/14\/inmet-e-apac-emitem-alerta-de-chuvas-fortes-para-pernambuco\/","title":{"rendered":"Inmet e Apac emitem alerta de chuvas fortes para Pernambuco"},"content":{"rendered":"<p>O Instituto Nacional de Meteorologia (Inmet) emitiu alerta de chuvas fortes para Pernambuco. De acordo com o boletim meteorol\u00f3gico, v\u00e1lido at\u00e9 esta quinta-feira (15.02), em algumas regi\u00f5es a precipita\u00e7\u00e3o pode passar dos 50 mm.<\/p>\n<p>O Inmet tamb\u00e9m alertou para ventos fortes que podem chegar a at\u00e9 60 quil\u00f4metros por hora.<\/p>\n<p>A Ag\u00eancia Pernambucana e Clima (Apac) tamb\u00e9m emitiu um aviso meteorol\u00f3gico com alerta para chuvas de forma intensa, principalmente, no Sert\u00e3o do Estado.<\/p>\n<p>Foto e informa\u00e7\u00f5es: Helenivaldo Pereira.<\/p>\n<p>Seja seguidor do Instagram do Blog @blogdoedvaldomagalhaes<\/p>\n","protected":false},"excerpt":{"rendered":"<p>O Instituto Nacional de Meteorologia (Inmet) emitiu alerta de chuvas fortes para Pernambuco. De acordo com o boletim meteorol\u00f3gico, v\u00e1lido&hellip;<\/p>\n","protected":false},"author":1,"featured_media":105469,"comment_status":"closed","ping_status":"open","sticky":false,"template":"","format":"standard","meta":{"footnotes":""},"categories":[14120],"tags":[29440,2,28801,3406,3479],"class_list":["post-105468","post","type-post","status-publish","format-standard","has-post-thumbnail","hentry","category-noticias","tag-blog-com-mais-visualizacao","tag-blog-do-edvaldo-magalhaes","tag-blog-mais-acessado","tag-caruaru","tag-chuva"],"_links":{"self":[{"href":"https:\/\/blogdoedvaldomagalhaes.com.br\/index.php\/wp-json\/wp\/v2\/posts\/105468","targetHints":{"allow":["GET"]}}],"collection":[{"href":"https:\/\/blogdoedvaldomagalhaes.com.br\/index.php\/wp-json\/wp\/v2\/posts"}],"about":[{"href":"https:\/\/blogdoedvaldomagalhaes.com.br\/index.php\/wp-json\/wp\/v2\/types\/post"}],"author":[{"embeddable":true,"href":"https:\/\/blogdoedvaldomagalhaes.com.br\/index.php\/wp-json\/wp\/v2\/users\/1"}],"replies":[{"embeddable":true,"href":"https:\/\/blogdoedvaldomagalhaes.com.br\/index.php\/wp-json\/wp\/v2\/comments?post=105468"}],"version-history":[{"count":1,"href":"https:\/\/blogdoedvaldomagalhaes.com.br\/index.php\/wp-json\/wp\/v2\/posts\/105468\/revisions"}],"predecessor-version":[{"id":105470,"href":"https:\/\/blogdoedvaldomagalhaes.com.br\/index.php\/wp-json\/wp\/v2\/posts\/105468\/revisions\/105470"}],"wp:featuredmedia":[{"embeddable":true,"href":"https:\/\/blogdoedvaldomagalhaes.com.br\/index.php\/wp-json\/wp\/v2\/media\/105469"}],"wp:attachment":[{"href":"https:\/\/blogdoedvaldomagalhaes.com.br\/index.php\/wp-json\/wp\/v2\/media?parent=105468"}],"wp:term":[{"taxonomy":"category","embeddable":true,"href":"https:\/\/blogdoedvaldomagalhaes.com.br\/index.php\/wp-json\/wp\/v2\/categories?post=105468"},{"taxonomy":"post_tag","embeddable":true,"href":"https:\/\/blogdoedvaldomagalhaes.com.br\/index.php\/wp-json\/wp\/v2\/tags?post=105468"}],"curies":[{"name":"wp","href":"https:\/\/api.w.org\/{rel}","templated":true}]}}