{"id":105465,"date":"2024-02-14T21:07:11","date_gmt":"2024-02-15T00:07:11","guid":{"rendered":"https:\/\/blogdoedvaldomagalhaes.com.br\/?p=105465"},"modified":"2024-02-14T21:07:11","modified_gmt":"2024-02-15T00:07:11","slug":"turista-e-morto-a-facadas-no-recife-na-quarta-feira-de-cinzas","status":"publish","type":"post","link":"https:\/\/blogdoedvaldomagalhaes.com.br\/index.php\/2024\/02\/14\/turista-e-morto-a-facadas-no-recife-na-quarta-feira-de-cinzas\/","title":{"rendered":"Turista \u00e9 morto a facadas no Recife, na Quarta-Feira de Cinzas"},"content":{"rendered":"<p>Um turista do Rio de Janeiro foi morto durante assalto em Boa Viagem, na Zona Sul do Recife, na madrugada desta quarta-feira de cinzas (14.02). A v\u00edtima foi Talles de Couto Lengrudeskropf, de 35 anos.<\/p>\n<p><span style=\"font-size: revert;\">A Pol\u00edcia Civil de Pernambuco \u00a0informou que a v\u00edtima teria sa\u00eddo de uma festa em Olinda, foi em um restaurante pr\u00f3ximo de onde estava hospedado em Boa Viagem, quando foi assaltado e ao reagir, foi atingido por golpes de arma branca.<\/span><\/p>\n<p>Talles de Couto chegou a ser levado pelos amigos at\u00e9 uma unidade de sa\u00fade, mas n\u00e3o resistiu aos ferimentos. Foto: Divulga\u00e7\u00e3o<\/p>\n<p>Seja seguidor do Instagram do Blog @blogdoedvaldomagalhaes<\/p>\n","protected":false},"excerpt":{"rendered":"<p>Um turista do Rio de Janeiro foi morto durante assalto em Boa Viagem, na Zona Sul do Recife, na madrugada&hellip;<\/p>\n","protected":false},"author":1,"featured_media":105466,"comment_status":"closed","ping_status":"open","sticky":false,"template":"","format":"standard","meta":{"footnotes":""},"categories":[14121],"tags":[29777,2,28801,3406,5448,29776],"class_list":["post-105465","post","type-post","status-publish","format-standard","has-post-thumbnail","hentry","category-policial","tag-assalto","tag-blog-do-edvaldo-magalhaes","tag-blog-mais-acessado","tag-caruaru","tag-homicidio","tag-turista-e-morto-a-facadas-no-recife-na-quarta-feira-de-cinzas"],"_links":{"self":[{"href":"https:\/\/blogdoedvaldomagalhaes.com.br\/index.php\/wp-json\/wp\/v2\/posts\/105465","targetHints":{"allow":["GET"]}}],"collection":[{"href":"https:\/\/blogdoedvaldomagalhaes.com.br\/index.php\/wp-json\/wp\/v2\/posts"}],"about":[{"href":"https:\/\/blogdoedvaldomagalhaes.com.br\/index.php\/wp-json\/wp\/v2\/types\/post"}],"author":[{"embeddable":true,"href":"https:\/\/blogdoedvaldomagalhaes.com.br\/index.php\/wp-json\/wp\/v2\/users\/1"}],"replies":[{"embeddable":true,"href":"https:\/\/blogdoedvaldomagalhaes.com.br\/index.php\/wp-json\/wp\/v2\/comments?post=105465"}],"version-history":[{"count":1,"href":"https:\/\/blogdoedvaldomagalhaes.com.br\/index.php\/wp-json\/wp\/v2\/posts\/105465\/revisions"}],"predecessor-version":[{"id":105467,"href":"https:\/\/blogdoedvaldomagalhaes.com.br\/index.php\/wp-json\/wp\/v2\/posts\/105465\/revisions\/105467"}],"wp:featuredmedia":[{"embeddable":true,"href":"https:\/\/blogdoedvaldomagalhaes.com.br\/index.php\/wp-json\/wp\/v2\/media\/105466"}],"wp:attachment":[{"href":"https:\/\/blogdoedvaldomagalhaes.com.br\/index.php\/wp-json\/wp\/v2\/media?parent=105465"}],"wp:term":[{"taxonomy":"category","embeddable":true,"href":"https:\/\/blogdoedvaldomagalhaes.com.br\/index.php\/wp-json\/wp\/v2\/categories?post=105465"},{"taxonomy":"post_tag","embeddable":true,"href":"https:\/\/blogdoedvaldomagalhaes.com.br\/index.php\/wp-json\/wp\/v2\/tags?post=105465"}],"curies":[{"name":"wp","href":"https:\/\/api.w.org\/{rel}","templated":true}]}}