{"id":105462,"date":"2024-02-14T19:25:07","date_gmt":"2024-02-14T22:25:07","guid":{"rendered":"https:\/\/blogdoedvaldomagalhaes.com.br\/?p=105462"},"modified":"2024-02-14T19:25:08","modified_gmt":"2024-02-14T22:25:08","slug":"raquel-lyra-participa-do-inicio-da-campanha-da-fraternidade-2024-e-lanca-acao-solidaria-realizada-pela-compesa","status":"publish","type":"post","link":"https:\/\/blogdoedvaldomagalhaes.com.br\/index.php\/2024\/02\/14\/raquel-lyra-participa-do-inicio-da-campanha-da-fraternidade-2024-e-lanca-acao-solidaria-realizada-pela-compesa\/","title":{"rendered":"Raquel Lyra participa do in\u00edcio da Campanha da Fraternidade 2024 e lan\u00e7a a\u00e7\u00e3o solid\u00e1ria realizada pela Compesa"},"content":{"rendered":"<p>A governadora Raquel Lyra prestigiou, na tarde desta quarta-feira (14), o in\u00edcio da Campanha da Fraternidade 2024 e lan\u00e7ou uma a\u00e7\u00e3o de solidariedade realizada pelo Governo do Estado, por meio da Companhia Pernambucana de Saneamento (Compesa), em parceria com a Casa do P\u00e3o, organiza\u00e7\u00e3o cat\u00f3lica que presta servi\u00e7os a pessoas em vulnerabilidade social. A vice-governadora Priscila Krause tamb\u00e9m participou da agenda. As duas gestoras estaduais ainda acompanharam a Missa de Cinzas, celebrada no Parque da Jaqueira, na Zona Norte do Recife, pelo arcebispo de Olinda e Recife, Dom Paulo Jackson. <\/p>\n<p>Em seu discurso, a governadora destacou algumas a\u00e7\u00f5es sociais do governo estadual. &#8220;Para n\u00f3s, do Governo de Pernambuco, \u00e9 uma meta priorit\u00e1ria trabalhar pelo combate \u00e0 fome e pela supera\u00e7\u00e3o da pobreza. Enquanto n\u00e3o conseguirmos superar esse mal, que, infelizmente, faz parte da geografia de Pernambuco, ainda n\u00e3o vamos ter cumprido nossa miss\u00e3o. Por isso lan\u00e7amos um programa chamado Pernambuco Sem Fome. Este m\u00eas, iremos inaugurar a 100\u00aa cozinha comunit\u00e1ria de Pernambuco em parceria com as prefeituras. Vamos fazer uma nova pactua\u00e7\u00e3o, colocando mais recursos para, se Deus permitir, inaugurar, pelo menos, mais 100 cozinhas comunit\u00e1rias. O M\u00e3es de Pernambuco logo mais virar\u00e1 realidade para cerca de 100 mil fam\u00edlias pernambucanas que t\u00eam crian\u00e7as de 0 a 6 anos e que est\u00e3o em situa\u00e7\u00e3o de extrema pobreza. Iremos assegurar uma renda extra de R$ 300 que se somar\u00e1 \u00e0 renda do Bolsa Fam\u00edlia&#8221;, declarou Raquel Lyra.<\/p>\n<p>A parceria entre a gest\u00e3o estadual e a Casa do P\u00e3o faz parte do programa Conta Comigo, idealizado pela Compesa para possibilitar a doa\u00e7\u00e3o mensal de dinheiro via conta de \u00e1gua, livre de opera\u00e7\u00e3o banc\u00e1ria. Os clientes doadores podem optar por um dos quatro valores pr\u00e9-estabelecidos: R$ 10,00, R$ 5,00, R$ 2,50 e R$ 1,00.<\/p>\n<p>\u201cA gente est\u00e1 muito feliz de poder participar desse projeto ao lado da Casa do P\u00e3o, sabendo que essa \u00e9 uma iniciativa que est\u00e1 alinhada com os prop\u00f3sitos do Governo de Pernambuco. Agradecemos aos nossos clientes que puderem se irmanar nesse gesto de solidariedade\u201d, afirmou o presidente da Compesa, Alex Campos. <\/p>\n<p>O arcebispo de Olinda e Recife, Dom Paulo Jackson, agradeceu ao Governo do Estado pela parceria. \u201c\u00c9 mais uma institui\u00e7\u00e3o contemplada com o apelo e a for\u00e7a do trabalho realizado pela Arquidiocese e por uma rede imensa de volunt\u00e1rios, entre os quais a Compesa e o Governo de Pernambuco. Essa \u00e9 uma tarde hist\u00f3rica porque n\u00f3s queremos mais e mais potencializar o atendimento, o cuidado, o respeito e a revitaliza\u00e7\u00e3o de vidas\u201d, disse. <\/p>\n<p>CASA DO P\u00c3O &#8211; A Casa do P\u00e3o foi fundada em 2022, durante o XVIII Congresso Eucar\u00edstico Nacional e foi idealizada pela Arquidiocese de Olinda e Recife para oferecer atendimento m\u00e9dico, psicol\u00f3gico, jur\u00eddico, espiritual e alimentar a pessoas em situa\u00e7\u00e3o de rua. Ela \u00e9 a 11\u00aa entidade participante do programa Conta Comigo. \u201cN\u00f3s agradecemos a Raquel por esse zelo, esse cuidado, a Priscila, que nos acolheu, e tamb\u00e9m ao presidente da Compesa. Pedimos para que sejam generosos nas doa\u00e7\u00f5es\u201d, declarou o di\u00e1cono Aerton Carvalho, coordenador da Casa do P\u00e3o.<\/p>\n<p>Para participar do programa Conta Comigo e contribuir com a Casa do P\u00e3o, os clientes da Compesa devem ligar para o telefone 08000810195 ou usar o aplicativo Compesa Mobile. Podem, ainda, procurar atendimento na sede da Casa do P\u00e3o ou nas Par\u00f3quias de Olinda e Recife. &#8220;A gente forma mais uma parceria para ajudar as pessoas do nosso Estado em maior situa\u00e7\u00e3o de vulnerabilidade&#8221;, enfatizou a governadora.<\/p>\n<p>FRATERNIDADE &#8211; O tema da Campanha da Fraternidade em 2024 \u00e9 &#8220;Fraternidade e amizade social&#8221; e o lema \u00e9 &#8220;V\u00f3s sois todos irm\u00e3os e irm\u00e3os&#8217; (Mt 23,8). A Campanha marca o in\u00edcio da Quaresma, tempo lit\u00fargico em prepara\u00e7\u00e3o para a P\u00e1scoa. <\/p>\n<p>Al\u00e9m de Raquel Lyra e Priscila Krause, o Governo de Pernambuco ainda esteve representado pelos secret\u00e1rios Zilda Cavalcanti (Sa\u00fade) e Herc\u00edlio Mamede (Casa Militar) e pelo comandante geral da Pol\u00edcia Militar, Coronel Torres. Tamb\u00e9m participaram do evento o deputado estadual Sileno Guedes e os vereadores do Recife, Felipe Alecrim, Doduel Varela e Ronaldo Lopes.<br \/>\nFoto: Hes\u00edodo Goes\/Secom<\/p>\n<p>Seja seguidor do Instagram do Blog @blogdoedvaldomagalhaes<\/p>\n","protected":false},"excerpt":{"rendered":"<p>A governadora Raquel Lyra prestigiou, na tarde desta quarta-feira (14), o in\u00edcio da Campanha da Fraternidade 2024 e lan\u00e7ou uma&hellip;<\/p>\n","protected":false},"author":1,"featured_media":105463,"comment_status":"closed","ping_status":"open","sticky":false,"template":"","format":"standard","meta":{"footnotes":""},"categories":[14122],"tags":[29440,2,28801,3406,29775,20],"class_list":["post-105462","post","type-post","status-publish","format-standard","has-post-thumbnail","hentry","category-politica","tag-blog-com-mais-visualizacao","tag-blog-do-edvaldo-magalhaes","tag-blog-mais-acessado","tag-caruaru","tag-governadora-raquel-lyra-participa-do-inicio-da-campanha-da-fraternidade-2024-e-lanca-acao-solidaria-realizada-pela-compesa","tag-politica"],"_links":{"self":[{"href":"https:\/\/blogdoedvaldomagalhaes.com.br\/index.php\/wp-json\/wp\/v2\/posts\/105462","targetHints":{"allow":["GET"]}}],"collection":[{"href":"https:\/\/blogdoedvaldomagalhaes.com.br\/index.php\/wp-json\/wp\/v2\/posts"}],"about":[{"href":"https:\/\/blogdoedvaldomagalhaes.com.br\/index.php\/wp-json\/wp\/v2\/types\/post"}],"author":[{"embeddable":true,"href":"https:\/\/blogdoedvaldomagalhaes.com.br\/index.php\/wp-json\/wp\/v2\/users\/1"}],"replies":[{"embeddable":true,"href":"https:\/\/blogdoedvaldomagalhaes.com.br\/index.php\/wp-json\/wp\/v2\/comments?post=105462"}],"version-history":[{"count":1,"href":"https:\/\/blogdoedvaldomagalhaes.com.br\/index.php\/wp-json\/wp\/v2\/posts\/105462\/revisions"}],"predecessor-version":[{"id":105464,"href":"https:\/\/blogdoedvaldomagalhaes.com.br\/index.php\/wp-json\/wp\/v2\/posts\/105462\/revisions\/105464"}],"wp:featuredmedia":[{"embeddable":true,"href":"https:\/\/blogdoedvaldomagalhaes.com.br\/index.php\/wp-json\/wp\/v2\/media\/105463"}],"wp:attachment":[{"href":"https:\/\/blogdoedvaldomagalhaes.com.br\/index.php\/wp-json\/wp\/v2\/media?parent=105462"}],"wp:term":[{"taxonomy":"category","embeddable":true,"href":"https:\/\/blogdoedvaldomagalhaes.com.br\/index.php\/wp-json\/wp\/v2\/categories?post=105462"},{"taxonomy":"post_tag","embeddable":true,"href":"https:\/\/blogdoedvaldomagalhaes.com.br\/index.php\/wp-json\/wp\/v2\/tags?post=105462"}],"curies":[{"name":"wp","href":"https:\/\/api.w.org\/{rel}","templated":true}]}}