{"id":105459,"date":"2024-02-14T10:14:34","date_gmt":"2024-02-14T13:14:34","guid":{"rendered":"https:\/\/blogdoedvaldomagalhaes.com.br\/?p=105459"},"modified":"2024-02-14T10:14:35","modified_gmt":"2024-02-14T13:14:35","slug":"carnaval-53-pessoas-sao-assassinadas-em-pernambuco-durante-o-feriadao","status":"publish","type":"post","link":"https:\/\/blogdoedvaldomagalhaes.com.br\/index.php\/2024\/02\/14\/carnaval-53-pessoas-sao-assassinadas-em-pernambuco-durante-o-feriadao\/","title":{"rendered":"Carnaval: 53 pessoas s\u00e3o assassinadas em Pernambuco durante o feriad\u00e3o"},"content":{"rendered":"<p>Registrados 53 homic\u00eddios em Pernambuco durante o feriad\u00e3o de Carnaval, da sexta-feira (09.02) at\u00e9 essa ter\u00e7a-feira (13.02). Neste m\u00eas de fevereiro j\u00e1 s\u00e3o 128 assassinatos no Estado. <\/p>\n<p>Em Caruaru, dois homic\u00eddios foram registrados no fim de semana do Carnaval. Na noite do s\u00e1bado (10.02), Williano Inoc\u00eancio da Silva, 19 anos, foi morto a tiros no bairro S\u00e3o Francisco. Na madrugada do domingo (11.02), o pedreiro Adilson Nascimento dos Santos, 44 anos, foi assassinado com um tiro no peito em uma ch\u00e1cara, na Vila Campo Novo de Baixo.<\/p>\n<p>Em Brejo da Madre de Deus, tamb\u00e9m no Agreste, aconteceu um crime b\u00e1rbaro nessa ter\u00e7a-feira (13.02). Um jovem conhecido como Alyson foi assassinado no Loteamento Boa Esperan\u00e7a. Ele teve a cabe\u00e7a e \u00e0s m\u00e3os arrancadas.<\/p>\n<p>Informa\u00e7\u00f5es: Helenivaldo Pereira\/R\u00e1dio Liberdade.<\/p>\n<p>Seja seguidor do Instagram do Blog @blogdoedvaldomagalhaes<\/p>\n","protected":false},"excerpt":{"rendered":"<p>Registrados 53 homic\u00eddios em Pernambuco durante o feriad\u00e3o de Carnaval, da sexta-feira (09.02) at\u00e9 essa ter\u00e7a-feira (13.02). Neste m\u00eas de&hellip;<\/p>\n","protected":false},"author":1,"featured_media":10201,"comment_status":"closed","ping_status":"open","sticky":false,"template":"","format":"standard","meta":{"footnotes":""},"categories":[14121],"tags":[29440,2,28801,29774,3406],"class_list":["post-105459","post","type-post","status-publish","format-standard","has-post-thumbnail","hentry","category-policial","tag-blog-com-mais-visualizacao","tag-blog-do-edvaldo-magalhaes","tag-blog-mais-acessado","tag-carnaval-53-pessoas-sao-assassinadas-em-pernambuco-durante-o-feriadao","tag-caruaru"],"_links":{"self":[{"href":"https:\/\/blogdoedvaldomagalhaes.com.br\/index.php\/wp-json\/wp\/v2\/posts\/105459","targetHints":{"allow":["GET"]}}],"collection":[{"href":"https:\/\/blogdoedvaldomagalhaes.com.br\/index.php\/wp-json\/wp\/v2\/posts"}],"about":[{"href":"https:\/\/blogdoedvaldomagalhaes.com.br\/index.php\/wp-json\/wp\/v2\/types\/post"}],"author":[{"embeddable":true,"href":"https:\/\/blogdoedvaldomagalhaes.com.br\/index.php\/wp-json\/wp\/v2\/users\/1"}],"replies":[{"embeddable":true,"href":"https:\/\/blogdoedvaldomagalhaes.com.br\/index.php\/wp-json\/wp\/v2\/comments?post=105459"}],"version-history":[{"count":1,"href":"https:\/\/blogdoedvaldomagalhaes.com.br\/index.php\/wp-json\/wp\/v2\/posts\/105459\/revisions"}],"predecessor-version":[{"id":105460,"href":"https:\/\/blogdoedvaldomagalhaes.com.br\/index.php\/wp-json\/wp\/v2\/posts\/105459\/revisions\/105460"}],"wp:featuredmedia":[{"embeddable":true,"href":"https:\/\/blogdoedvaldomagalhaes.com.br\/index.php\/wp-json\/wp\/v2\/media\/10201"}],"wp:attachment":[{"href":"https:\/\/blogdoedvaldomagalhaes.com.br\/index.php\/wp-json\/wp\/v2\/media?parent=105459"}],"wp:term":[{"taxonomy":"category","embeddable":true,"href":"https:\/\/blogdoedvaldomagalhaes.com.br\/index.php\/wp-json\/wp\/v2\/categories?post=105459"},{"taxonomy":"post_tag","embeddable":true,"href":"https:\/\/blogdoedvaldomagalhaes.com.br\/index.php\/wp-json\/wp\/v2\/tags?post=105459"}],"curies":[{"name":"wp","href":"https:\/\/api.w.org\/{rel}","templated":true}]}}