{"id":105456,"date":"2024-02-13T21:00:12","date_gmt":"2024-02-14T00:00:12","guid":{"rendered":"https:\/\/blogdoedvaldomagalhaes.com.br\/?p=105456"},"modified":"2024-02-13T21:00:13","modified_gmt":"2024-02-14T00:00:13","slug":"celulares-furtados-durante-o-carnaval-estao-sendo-entregues","status":"publish","type":"post","link":"https:\/\/blogdoedvaldomagalhaes.com.br\/index.php\/2024\/02\/13\/celulares-furtados-durante-o-carnaval-estao-sendo-entregues\/","title":{"rendered":"Celulares furtados durante o Carnaval est\u00e3o sendo entregues"},"content":{"rendered":"<p><span style=\"font-size: revert;\">Nesta Ter\u00e7a-feira de Carnaval (13), houve a entrega de celulares que haviam sido apreendidos pela Pol\u00edcia Militar e Pol\u00edcia Civil durante a\u00e7\u00e3o que prendeu tr\u00eas integrantes de associa\u00e7\u00e3o criminosa que veio de Manaus (AM) para atuar nas festas em Pernambuco. Os propriet\u00e1rios dos aparelhos foram convidados a comparecerem na sede da Central de Plant\u00f5es da Capital (Ceplanc) para receberem de volta os seus celulares. O Delegado Geral da Pol\u00edcia Civil, Renato Rocha; o Tenente Coronel da PM, Jonas Moreno, respons\u00e1vel pelo Alerta Celular; o Comandante do 19o BPM, Major Fernando, estiveram presentes.<\/span><\/p>\n<p>O norte-americano Angel Herrera, de Los Angeles (Calif\u00f3rnia), que veio passar a folia em Pernambuco foi um dos que teve seu celular recuperado e ficou bastante satisfeito. &#8220;N\u00e3o esperava conseguir de volta. Estou muito feliz&#8221; , disse. Outras pessoas tamb\u00e9m compareceram \u00e0 sede da Ceplanc para pegar os seus bens por meio do cadastro que possuem no Programa Alerta Celular , da SDS.<\/p>\n<p>O Delegado Geral da PCPE, Renato Rocha, explicou que \u201cgra\u00e7as a a\u00e7\u00e3o integrada foi poss\u00edvel prender duas mulheres e um homem envolvidos na subtra\u00e7\u00e3o dos celulares e realizar a devolu\u00e7\u00e3o dos aparelhos ainda no Carnaval\u201d. E completou: \u201cA equipe da PMPE conduziu as suspeitas e, a partir da\u00ed, em um trabalho investigativo da Delegacia de Boa Viagem, a Pol\u00edcia Civil conseguiu capturar o l\u00edder da associa\u00e7\u00e3o criminosa. A investiga\u00e7\u00e3o ainda prossegue, mas os celulares est\u00e3o \u00e0 disposi\u00e7\u00e3o dos seus donos&#8221;, afirmou o chefe da Pol\u00edcia Civil. Foto: Divulga\u00e7\u00e3o\/PMPE<\/p>\n<p>Seja seguidor do Instagram do Blog @blogdoedvaldomagalhaes<\/p>\n","protected":false},"excerpt":{"rendered":"<p>Nesta Ter\u00e7a-feira de Carnaval (13), houve a entrega de celulares que haviam sido apreendidos pela Pol\u00edcia Militar e Pol\u00edcia Civil&hellip;<\/p>\n","protected":false},"author":1,"featured_media":105457,"comment_status":"closed","ping_status":"open","sticky":false,"template":"","format":"standard","meta":{"footnotes":""},"categories":[14121],"tags":[29440,2,28801,3406,29773],"class_list":["post-105456","post","type-post","status-publish","format-standard","has-post-thumbnail","hentry","category-policial","tag-blog-com-mais-visualizacao","tag-blog-do-edvaldo-magalhaes","tag-blog-mais-acessado","tag-caruaru","tag-celulares-furtados-durante-o-carnaval-estao-sendo-entregues"],"_links":{"self":[{"href":"https:\/\/blogdoedvaldomagalhaes.com.br\/index.php\/wp-json\/wp\/v2\/posts\/105456","targetHints":{"allow":["GET"]}}],"collection":[{"href":"https:\/\/blogdoedvaldomagalhaes.com.br\/index.php\/wp-json\/wp\/v2\/posts"}],"about":[{"href":"https:\/\/blogdoedvaldomagalhaes.com.br\/index.php\/wp-json\/wp\/v2\/types\/post"}],"author":[{"embeddable":true,"href":"https:\/\/blogdoedvaldomagalhaes.com.br\/index.php\/wp-json\/wp\/v2\/users\/1"}],"replies":[{"embeddable":true,"href":"https:\/\/blogdoedvaldomagalhaes.com.br\/index.php\/wp-json\/wp\/v2\/comments?post=105456"}],"version-history":[{"count":1,"href":"https:\/\/blogdoedvaldomagalhaes.com.br\/index.php\/wp-json\/wp\/v2\/posts\/105456\/revisions"}],"predecessor-version":[{"id":105458,"href":"https:\/\/blogdoedvaldomagalhaes.com.br\/index.php\/wp-json\/wp\/v2\/posts\/105456\/revisions\/105458"}],"wp:featuredmedia":[{"embeddable":true,"href":"https:\/\/blogdoedvaldomagalhaes.com.br\/index.php\/wp-json\/wp\/v2\/media\/105457"}],"wp:attachment":[{"href":"https:\/\/blogdoedvaldomagalhaes.com.br\/index.php\/wp-json\/wp\/v2\/media?parent=105456"}],"wp:term":[{"taxonomy":"category","embeddable":true,"href":"https:\/\/blogdoedvaldomagalhaes.com.br\/index.php\/wp-json\/wp\/v2\/categories?post=105456"},{"taxonomy":"post_tag","embeddable":true,"href":"https:\/\/blogdoedvaldomagalhaes.com.br\/index.php\/wp-json\/wp\/v2\/tags?post=105456"}],"curies":[{"name":"wp","href":"https:\/\/api.w.org\/{rel}","templated":true}]}}