{"id":105454,"date":"2024-02-13T20:50:41","date_gmt":"2024-02-13T23:50:41","guid":{"rendered":"https:\/\/blogdoedvaldomagalhaes.com.br\/?p=105454"},"modified":"2024-02-13T20:50:42","modified_gmt":"2024-02-13T23:50:42","slug":"feminicidio-acusado-de-matar-a-companheira-e-preso-pela-policia-civil","status":"publish","type":"post","link":"https:\/\/blogdoedvaldomagalhaes.com.br\/index.php\/2024\/02\/13\/feminicidio-acusado-de-matar-a-companheira-e-preso-pela-policia-civil\/","title":{"rendered":"Feminic\u00eddio: Acusado de matar a companheira \u00e9 preso pela Pol\u00edcia Civil"},"content":{"rendered":"<p>A Pol\u00edcia Civil de Pernambuco, por meio de equipe do Departamento de Homic\u00eddios e Prote\u00e7t\u00e3o \u00e0 Pessoa (DHPP), prendeu o companheiro de uma mulher, de 29 anos, que estava desaparecida desde o \u00faltimo dia 10 de fevereiro, quando teria sa\u00eddo de sua resid\u00eancia em Abreu e Lima.<\/p>\n<p>O homem confessou o feminic\u00eddio e levou a equipe do DHPP at\u00e9 o local onde enterrou o corpo, atr\u00e1s de um cemit\u00e9rio, em Paulista.<\/p>\n<p>O homem ser\u00e1 encaminhado para audi\u00eancia de cust\u00f3dia. Foto ilustrativa.<\/p>\n<p>Seja seguidor do Instagram do Blog @blogdoedvaldomagalhaes<\/p>\n","protected":false},"excerpt":{"rendered":"<p>A Pol\u00edcia Civil de Pernambuco, por meio de equipe do Departamento de Homic\u00eddios e Prote\u00e7t\u00e3o \u00e0 Pessoa (DHPP), prendeu o&hellip;<\/p>\n","protected":false},"author":1,"featured_media":12835,"comment_status":"closed","ping_status":"open","sticky":false,"template":"","format":"standard","meta":{"footnotes":""},"categories":[14121],"tags":[29440,2,28801,3406,29772,5448],"class_list":["post-105454","post","type-post","status-publish","format-standard","has-post-thumbnail","hentry","category-policial","tag-blog-com-mais-visualizacao","tag-blog-do-edvaldo-magalhaes","tag-blog-mais-acessado","tag-caruaru","tag-feminicidio-acusado-de-matar-a-companheira-e-preso-pela-policia-civil","tag-homicidio"],"_links":{"self":[{"href":"https:\/\/blogdoedvaldomagalhaes.com.br\/index.php\/wp-json\/wp\/v2\/posts\/105454","targetHints":{"allow":["GET"]}}],"collection":[{"href":"https:\/\/blogdoedvaldomagalhaes.com.br\/index.php\/wp-json\/wp\/v2\/posts"}],"about":[{"href":"https:\/\/blogdoedvaldomagalhaes.com.br\/index.php\/wp-json\/wp\/v2\/types\/post"}],"author":[{"embeddable":true,"href":"https:\/\/blogdoedvaldomagalhaes.com.br\/index.php\/wp-json\/wp\/v2\/users\/1"}],"replies":[{"embeddable":true,"href":"https:\/\/blogdoedvaldomagalhaes.com.br\/index.php\/wp-json\/wp\/v2\/comments?post=105454"}],"version-history":[{"count":1,"href":"https:\/\/blogdoedvaldomagalhaes.com.br\/index.php\/wp-json\/wp\/v2\/posts\/105454\/revisions"}],"predecessor-version":[{"id":105455,"href":"https:\/\/blogdoedvaldomagalhaes.com.br\/index.php\/wp-json\/wp\/v2\/posts\/105454\/revisions\/105455"}],"wp:featuredmedia":[{"embeddable":true,"href":"https:\/\/blogdoedvaldomagalhaes.com.br\/index.php\/wp-json\/wp\/v2\/media\/12835"}],"wp:attachment":[{"href":"https:\/\/blogdoedvaldomagalhaes.com.br\/index.php\/wp-json\/wp\/v2\/media?parent=105454"}],"wp:term":[{"taxonomy":"category","embeddable":true,"href":"https:\/\/blogdoedvaldomagalhaes.com.br\/index.php\/wp-json\/wp\/v2\/categories?post=105454"},{"taxonomy":"post_tag","embeddable":true,"href":"https:\/\/blogdoedvaldomagalhaes.com.br\/index.php\/wp-json\/wp\/v2\/tags?post=105454"}],"curies":[{"name":"wp","href":"https:\/\/api.w.org\/{rel}","templated":true}]}}