{"id":105424,"date":"2024-02-12T15:33:08","date_gmt":"2024-02-12T18:33:08","guid":{"rendered":"https:\/\/blogdoedvaldomagalhaes.com.br\/?p=105424"},"modified":"2024-02-12T19:26:01","modified_gmt":"2024-02-12T22:26:01","slug":"jovem-de-caruaru-e-assassinado-na-praia-de-sao-jose-da-coroa-grande","status":"publish","type":"post","link":"https:\/\/blogdoedvaldomagalhaes.com.br\/index.php\/2024\/02\/12\/jovem-de-caruaru-e-assassinado-na-praia-de-sao-jose-da-coroa-grande\/","title":{"rendered":"Jovem de Caruaru \u00e9 assassinado na praia de S\u00e3o Jos\u00e9 da Coroa Grande"},"content":{"rendered":"<p>Um homic\u00eddio foi registrado na manh\u00e3 desta segunda-feira (12.02), em uma mesa de bar na praia de S\u00e3o Jos\u00e9 da Coroa Grande, Litoral Sul de Pernambuco. \u00a0O ex-presidi\u00e1rio Davi Gabriel Soares de Oliveira, conhecido como \u201cMascote\u201d, 19 anos de idade, que morava no bairro Petr\u00f3polis, em Caruaru, foi assassinado a tiros, quando estava na companhia de uma pessoa ainda n\u00e3o identificada, ap\u00f3s o crime o <span style=\"font-size: revert;\">assassino fugiu. O policiamento realizou buscas pelo criminoso, por\u00e9m, n\u00e3o obteve \u00eaxito.<\/span><\/p>\n<p>A pol\u00edcia civil foi acionada para conduzir as investiga\u00e7\u00f5es, juntamente com a equipe da per\u00edcia, sendo constatado que a v\u00edtima tinha hist\u00f3rico de passagem pelo sistema prisional e residia na cidade de Caruaru. A delegacia de S\u00e3o Jos\u00e9 da Coroa Grande segue investigando o crime.<\/p>\n<p><br \/>Seja seguidor do Instagram do Blog @blogdoedvaldomagalhaes<\/p>\n\n\n<figure class=\"wp-block-image size-full\"><img loading=\"lazy\" decoding=\"async\" width=\"500\" height=\"815\" src=\"https:\/\/blogdoedvaldomagalhaes.com.br\/wp-content\/uploads\/2024\/02\/IMG_3842.jpeg\" alt=\"\" class=\"wp-image-105428\" srcset=\"https:\/\/blogdoedvaldomagalhaes.com.br\/wp-content\/uploads\/2024\/02\/IMG_3842.jpeg 500w, https:\/\/blogdoedvaldomagalhaes.com.br\/wp-content\/uploads\/2024\/02\/IMG_3842-184x300.jpeg 184w\" sizes=\"auto, (max-width: 500px) 100vw, 500px\" \/><\/figure>\n","protected":false},"excerpt":{"rendered":"<p>Um homic\u00eddio foi registrado na manh\u00e3 desta segunda-feira (12.02), em uma mesa de bar na praia de S\u00e3o Jos\u00e9 da&hellip;<\/p>\n","protected":false},"author":1,"featured_media":105425,"comment_status":"closed","ping_status":"open","sticky":false,"template":"","format":"standard","meta":{"footnotes":""},"categories":[14120],"tags":[29440,2,28801,14227,3406,5448,29765],"class_list":["post-105424","post","type-post","status-publish","format-standard","has-post-thumbnail","hentry","category-noticias","tag-blog-com-mais-visualizacao","tag-blog-do-edvaldo-magalhaes","tag-blog-mais-acessado","tag-carnaval","tag-caruaru","tag-homicidio","tag-jovem-de-caruaru-e-assassinado-na-praia-de-sao-jose-da-coroa-grande"],"_links":{"self":[{"href":"https:\/\/blogdoedvaldomagalhaes.com.br\/index.php\/wp-json\/wp\/v2\/posts\/105424","targetHints":{"allow":["GET"]}}],"collection":[{"href":"https:\/\/blogdoedvaldomagalhaes.com.br\/index.php\/wp-json\/wp\/v2\/posts"}],"about":[{"href":"https:\/\/blogdoedvaldomagalhaes.com.br\/index.php\/wp-json\/wp\/v2\/types\/post"}],"author":[{"embeddable":true,"href":"https:\/\/blogdoedvaldomagalhaes.com.br\/index.php\/wp-json\/wp\/v2\/users\/1"}],"replies":[{"embeddable":true,"href":"https:\/\/blogdoedvaldomagalhaes.com.br\/index.php\/wp-json\/wp\/v2\/comments?post=105424"}],"version-history":[{"count":3,"href":"https:\/\/blogdoedvaldomagalhaes.com.br\/index.php\/wp-json\/wp\/v2\/posts\/105424\/revisions"}],"predecessor-version":[{"id":105438,"href":"https:\/\/blogdoedvaldomagalhaes.com.br\/index.php\/wp-json\/wp\/v2\/posts\/105424\/revisions\/105438"}],"wp:featuredmedia":[{"embeddable":true,"href":"https:\/\/blogdoedvaldomagalhaes.com.br\/index.php\/wp-json\/wp\/v2\/media\/105425"}],"wp:attachment":[{"href":"https:\/\/blogdoedvaldomagalhaes.com.br\/index.php\/wp-json\/wp\/v2\/media?parent=105424"}],"wp:term":[{"taxonomy":"category","embeddable":true,"href":"https:\/\/blogdoedvaldomagalhaes.com.br\/index.php\/wp-json\/wp\/v2\/categories?post=105424"},{"taxonomy":"post_tag","embeddable":true,"href":"https:\/\/blogdoedvaldomagalhaes.com.br\/index.php\/wp-json\/wp\/v2\/tags?post=105424"}],"curies":[{"name":"wp","href":"https:\/\/api.w.org\/{rel}","templated":true}]}}