{"id":105414,"date":"2024-02-12T07:26:39","date_gmt":"2024-02-12T10:26:39","guid":{"rendered":"https:\/\/blogdoedvaldomagalhaes.com.br\/?p=105414"},"modified":"2024-02-12T07:31:22","modified_gmt":"2024-02-12T10:31:22","slug":"homem-e-ameacado-de-morte-pelo-cunhado-e-mostra-plantacao-de-maconha-aos-policiais","status":"publish","type":"post","link":"https:\/\/blogdoedvaldomagalhaes.com.br\/index.php\/2024\/02\/12\/homem-e-ameacado-de-morte-pelo-cunhado-e-mostra-plantacao-de-maconha-aos-policiais\/","title":{"rendered":"Homem \u00e9 amea\u00e7ado de morte pelo cunhado e mostra planta\u00e7\u00e3o de maconha aos policiais"},"content":{"rendered":"<p><span style=\"font-size: revert;\">Nesse domingo (11.02), o efetivo do GATI foi acionado pelo Oficial de Opera\u00e7\u00f5es para verificar uma situa\u00e7\u00e3o de amea\u00e7a no povoado Vila de Cimbres, onde a v\u00edtima, de \u2018NOME PRESERVADO\u2019 tamb\u00e9m informou que o imputado, NOME PRESERVADO, \u00a0teria uma planta\u00e7\u00e3o de maconha pr\u00f3ximo ao Santu\u00e1rio Nossa Senhora das Gra\u00e7as, local onde tamb\u00e9m reside. A equipe seguiu para Vila e ali foi encontrada a v\u00edtima. Segundo ela, informou ter sido amea\u00e7ado de morte pelo imputado, que \u00e9 seu cunhado, e que ele teria uma planta\u00e7\u00e3o de maconha. A v\u00edtima guiou o efetivo at\u00e9 o local onde seria a planta\u00e7\u00e3o, por\u00e9m, quando chegaram ao local, as plantas j\u00e1 tinham sido arrancadas, restando apenas algumas folhas pelo ch\u00e3o e um pequeno galho. Foi recolhido o material encontrado e foram feitas dilig\u00eancias na localidade para tentar encontrar o indiv\u00edduo, por\u00e9m, n\u00e3o foi localizado. Diante dos fatos, o material recolhido foi apresentado na DP local para serem tomadas as medidas legais cab\u00edveis. Foto: Divulga\u00e7\u00e3o \/PMPE<\/span><\/p>\n<p>Seja seguidor do Instagram do Blog @blogdoedvaldomagalhaes<\/p>\n","protected":false},"excerpt":{"rendered":"<p>Nesse domingo (11.02), o efetivo do GATI foi acionado pelo Oficial de Opera\u00e7\u00f5es para verificar uma situa\u00e7\u00e3o de amea\u00e7a no&hellip;<\/p>\n","protected":false},"author":1,"featured_media":105417,"comment_status":"closed","ping_status":"open","sticky":false,"template":"","format":"standard","meta":{"footnotes":""},"categories":[14121],"tags":[29440,2,28801,3406,29763],"class_list":["post-105414","post","type-post","status-publish","format-standard","has-post-thumbnail","hentry","category-policial","tag-blog-com-mais-visualizacao","tag-blog-do-edvaldo-magalhaes","tag-blog-mais-acessado","tag-caruaru","tag-homem-e-ameacado-de-morte-pelo-cunhado-e-mostra-plantacao-de-maconha-aos-policiais"],"_links":{"self":[{"href":"https:\/\/blogdoedvaldomagalhaes.com.br\/index.php\/wp-json\/wp\/v2\/posts\/105414","targetHints":{"allow":["GET"]}}],"collection":[{"href":"https:\/\/blogdoedvaldomagalhaes.com.br\/index.php\/wp-json\/wp\/v2\/posts"}],"about":[{"href":"https:\/\/blogdoedvaldomagalhaes.com.br\/index.php\/wp-json\/wp\/v2\/types\/post"}],"author":[{"embeddable":true,"href":"https:\/\/blogdoedvaldomagalhaes.com.br\/index.php\/wp-json\/wp\/v2\/users\/1"}],"replies":[{"embeddable":true,"href":"https:\/\/blogdoedvaldomagalhaes.com.br\/index.php\/wp-json\/wp\/v2\/comments?post=105414"}],"version-history":[{"count":1,"href":"https:\/\/blogdoedvaldomagalhaes.com.br\/index.php\/wp-json\/wp\/v2\/posts\/105414\/revisions"}],"predecessor-version":[{"id":105415,"href":"https:\/\/blogdoedvaldomagalhaes.com.br\/index.php\/wp-json\/wp\/v2\/posts\/105414\/revisions\/105415"}],"wp:featuredmedia":[{"embeddable":true,"href":"https:\/\/blogdoedvaldomagalhaes.com.br\/index.php\/wp-json\/wp\/v2\/media\/105417"}],"wp:attachment":[{"href":"https:\/\/blogdoedvaldomagalhaes.com.br\/index.php\/wp-json\/wp\/v2\/media?parent=105414"}],"wp:term":[{"taxonomy":"category","embeddable":true,"href":"https:\/\/blogdoedvaldomagalhaes.com.br\/index.php\/wp-json\/wp\/v2\/categories?post=105414"},{"taxonomy":"post_tag","embeddable":true,"href":"https:\/\/blogdoedvaldomagalhaes.com.br\/index.php\/wp-json\/wp\/v2\/tags?post=105414"}],"curies":[{"name":"wp","href":"https:\/\/api.w.org\/{rel}","templated":true}]}}