{"id":105411,"date":"2024-02-12T06:51:45","date_gmt":"2024-02-12T09:51:45","guid":{"rendered":"https:\/\/blogdoedvaldomagalhaes.com.br\/?p=105411"},"modified":"2024-02-12T06:51:46","modified_gmt":"2024-02-12T09:51:46","slug":"menor-de-idade-e-apreendido-com-celular-furtado","status":"publish","type":"post","link":"https:\/\/blogdoedvaldomagalhaes.com.br\/index.php\/2024\/02\/12\/menor-de-idade-e-apreendido-com-celular-furtado\/","title":{"rendered":"Menor de idade \u00e9 apreendido com celular furtado"},"content":{"rendered":"<p><span style=\"font-size: revert;\">Nesse domingo (11.02), por volta das 21h40, , A GT de PO\u00c7\u00c3O-PE ao realizar rondas de abordagens se deparou com o Sr, \u2018NOME PRESERVADO\u2019 <\/span><span style=\"font-size: revert;\">menor de idade, o qual foi abordado, em virtude da fundada suspeita. Durante a busca pessoal, foi realizado a consulta do seu dispositivo eletr\u00f4nico\/Celular, que estava em sua posse, atrav\u00e9s do APP Pol\u00edcia \u00c1gil, momento em que foi verificado a restri\u00e7\u00e3o\/queixa de furto.<br \/>\n<\/span><\/p>\n<p><span style=\"font-size: revert;\">O aparelho foi apreendido e apresentado juntamente com o menor de idade \u00a0NOME PRESERVADO \u00a0e sua genitora a autoridade policial de plant\u00e3o no Departamento Civil de Pesqueira, onde foi lavrado um BOC em desfavor do menor infrator. Foto: Divulga\u00e7\u00e3o\u00a0<\/span><\/p>\n<p>Seja seguidor do Instagram do Blog @blogdoedvaldomagalhaes<\/p>\n","protected":false},"excerpt":{"rendered":"<p>Nesse domingo (11.02), por volta das 21h40, , A GT de PO\u00c7\u00c3O-PE ao realizar rondas de abordagens se deparou com&hellip;<\/p>\n","protected":false},"author":1,"featured_media":105412,"comment_status":"closed","ping_status":"open","sticky":false,"template":"","format":"standard","meta":{"footnotes":""},"categories":[14121],"tags":[29440,2,28801,3406,29761],"class_list":["post-105411","post","type-post","status-publish","format-standard","has-post-thumbnail","hentry","category-policial","tag-blog-com-mais-visualizacao","tag-blog-do-edvaldo-magalhaes","tag-blog-mais-acessado","tag-caruaru","tag-menor-de-idade-e-apreendido-com-celular-furtado"],"_links":{"self":[{"href":"https:\/\/blogdoedvaldomagalhaes.com.br\/index.php\/wp-json\/wp\/v2\/posts\/105411","targetHints":{"allow":["GET"]}}],"collection":[{"href":"https:\/\/blogdoedvaldomagalhaes.com.br\/index.php\/wp-json\/wp\/v2\/posts"}],"about":[{"href":"https:\/\/blogdoedvaldomagalhaes.com.br\/index.php\/wp-json\/wp\/v2\/types\/post"}],"author":[{"embeddable":true,"href":"https:\/\/blogdoedvaldomagalhaes.com.br\/index.php\/wp-json\/wp\/v2\/users\/1"}],"replies":[{"embeddable":true,"href":"https:\/\/blogdoedvaldomagalhaes.com.br\/index.php\/wp-json\/wp\/v2\/comments?post=105411"}],"version-history":[{"count":1,"href":"https:\/\/blogdoedvaldomagalhaes.com.br\/index.php\/wp-json\/wp\/v2\/posts\/105411\/revisions"}],"predecessor-version":[{"id":105413,"href":"https:\/\/blogdoedvaldomagalhaes.com.br\/index.php\/wp-json\/wp\/v2\/posts\/105411\/revisions\/105413"}],"wp:featuredmedia":[{"embeddable":true,"href":"https:\/\/blogdoedvaldomagalhaes.com.br\/index.php\/wp-json\/wp\/v2\/media\/105412"}],"wp:attachment":[{"href":"https:\/\/blogdoedvaldomagalhaes.com.br\/index.php\/wp-json\/wp\/v2\/media?parent=105411"}],"wp:term":[{"taxonomy":"category","embeddable":true,"href":"https:\/\/blogdoedvaldomagalhaes.com.br\/index.php\/wp-json\/wp\/v2\/categories?post=105411"},{"taxonomy":"post_tag","embeddable":true,"href":"https:\/\/blogdoedvaldomagalhaes.com.br\/index.php\/wp-json\/wp\/v2\/tags?post=105411"}],"curies":[{"name":"wp","href":"https:\/\/api.w.org\/{rel}","templated":true}]}}