{"id":105242,"date":"2024-02-06T13:56:28","date_gmt":"2024-02-06T16:56:28","guid":{"rendered":"https:\/\/blogdoedvaldomagalhaes.com.br\/?p=105242"},"modified":"2024-02-06T14:50:11","modified_gmt":"2024-02-06T17:50:11","slug":"homem-e-assassinado-dentro-de-carro-em-caruaru-2","status":"publish","type":"post","link":"https:\/\/blogdoedvaldomagalhaes.com.br\/index.php\/2024\/02\/06\/homem-e-assassinado-dentro-de-carro-em-caruaru-2\/","title":{"rendered":"Homem \u00e9 assassinado dentro de carro em Caruaru"},"content":{"rendered":"<p>Um homic\u00eddio foi registrado no in\u00edcio da tarde desta ter\u00e7a-feira (06.02), na rua R4, no bairro Cidade Jardim, em Caruaru. O caminhoneiro Daniel Igor Pimentel, de 43 anos de idade, pai de tr\u00eas filhos, foi assassinado dentro de um ve\u00edculo Joy, provavelmente com um tiro de espingarda 12 no rosto. A Pol\u00edcia Militar est\u00e1 no local, aguardando a chegada dos peritos do Instituto de Criminal\u00edstica (IC) e da Pol\u00edcia Civil.<\/p>\n<p>Continue acessando o site, estamos atualizando as informa\u00e7\u00f5es.<\/p>\n","protected":false},"excerpt":{"rendered":"<p>Um homic\u00eddio foi registrado no in\u00edcio da tarde desta ter\u00e7a-feira (06.02), na rua R4, no bairro Cidade Jardim, em Caruaru.&hellip;<\/p>\n","protected":false},"author":1,"featured_media":105244,"comment_status":"closed","ping_status":"open","sticky":false,"template":"","format":"standard","meta":{"footnotes":""},"categories":[14121],"tags":[29440,2,28801,3406,5448],"class_list":["post-105242","post","type-post","status-publish","format-standard","has-post-thumbnail","hentry","category-policial","tag-blog-com-mais-visualizacao","tag-blog-do-edvaldo-magalhaes","tag-blog-mais-acessado","tag-caruaru","tag-homicidio"],"_links":{"self":[{"href":"https:\/\/blogdoedvaldomagalhaes.com.br\/index.php\/wp-json\/wp\/v2\/posts\/105242","targetHints":{"allow":["GET"]}}],"collection":[{"href":"https:\/\/blogdoedvaldomagalhaes.com.br\/index.php\/wp-json\/wp\/v2\/posts"}],"about":[{"href":"https:\/\/blogdoedvaldomagalhaes.com.br\/index.php\/wp-json\/wp\/v2\/types\/post"}],"author":[{"embeddable":true,"href":"https:\/\/blogdoedvaldomagalhaes.com.br\/index.php\/wp-json\/wp\/v2\/users\/1"}],"replies":[{"embeddable":true,"href":"https:\/\/blogdoedvaldomagalhaes.com.br\/index.php\/wp-json\/wp\/v2\/comments?post=105242"}],"version-history":[{"count":3,"href":"https:\/\/blogdoedvaldomagalhaes.com.br\/index.php\/wp-json\/wp\/v2\/posts\/105242\/revisions"}],"predecessor-version":[{"id":105248,"href":"https:\/\/blogdoedvaldomagalhaes.com.br\/index.php\/wp-json\/wp\/v2\/posts\/105242\/revisions\/105248"}],"wp:featuredmedia":[{"embeddable":true,"href":"https:\/\/blogdoedvaldomagalhaes.com.br\/index.php\/wp-json\/wp\/v2\/media\/105244"}],"wp:attachment":[{"href":"https:\/\/blogdoedvaldomagalhaes.com.br\/index.php\/wp-json\/wp\/v2\/media?parent=105242"}],"wp:term":[{"taxonomy":"category","embeddable":true,"href":"https:\/\/blogdoedvaldomagalhaes.com.br\/index.php\/wp-json\/wp\/v2\/categories?post=105242"},{"taxonomy":"post_tag","embeddable":true,"href":"https:\/\/blogdoedvaldomagalhaes.com.br\/index.php\/wp-json\/wp\/v2\/tags?post=105242"}],"curies":[{"name":"wp","href":"https:\/\/api.w.org\/{rel}","templated":true}]}}