{"id":105236,"date":"2024-02-06T12:32:22","date_gmt":"2024-02-06T15:32:22","guid":{"rendered":"https:\/\/blogdoedvaldomagalhaes.com.br\/?p=105236"},"modified":"2024-02-06T12:41:01","modified_gmt":"2024-02-06T15:41:01","slug":"mulher-gravida-de-sete-meses-e-assassinada-a-tiros","status":"publish","type":"post","link":"https:\/\/blogdoedvaldomagalhaes.com.br\/index.php\/2024\/02\/06\/mulher-gravida-de-sete-meses-e-assassinada-a-tiros\/","title":{"rendered":"Mulher gr\u00e1vida de sete meses \u00e9 assassinada a tiros"},"content":{"rendered":"<p>Na noite dessa segunda-feira (05), a Pol\u00edcia Civil registou um homic\u00eddio nas proximidades de um supermercado na cidade de Bezerros, no Agreste de Pernambuco. A v\u00edtima foi Danielle Nayara Alves de Carvalho, de 29 anos de idade, que estava em uma motocicleta quando foi baleada na cabe\u00e7a nas proximidades do sem\u00e1foro. A v\u00edtima ainda chegou a ser socorrida para UPA Bezerros, onde deu entrada na sala vermelha em estado grave, onde faleceu. A equipe m\u00e9dica tentou salvar a vida da beb\u00ea, que estava com aproximadamente sete meses, por\u00e9m, n\u00e3o conseguiu.<\/p>\n<p>O caso est\u00e1 sendo investigado pela Pol\u00edcia Civil. Foto: Reprodu\u00e7\u00e3o\/Redes sociais.<\/p>\n<p>Seja seguidor do Instagram do Blog, para comentar @blogdoedvaldomagalhaes<\/p>\n","protected":false},"excerpt":{"rendered":"<p>Na noite dessa segunda-feira (05), a Pol\u00edcia Civil registou um homic\u00eddio nas proximidades de um supermercado na cidade de Bezerros,&hellip;<\/p>\n","protected":false},"author":1,"featured_media":105239,"comment_status":"closed","ping_status":"open","sticky":false,"template":"","format":"standard","meta":{"footnotes":""},"categories":[14121],"tags":[29440,2,28801,3406,29690],"class_list":["post-105236","post","type-post","status-publish","format-standard","has-post-thumbnail","hentry","category-policial","tag-blog-com-mais-visualizacao","tag-blog-do-edvaldo-magalhaes","tag-blog-mais-acessado","tag-caruaru","tag-mulher-gravida-de-sete-meses-e-assassinada-a-tiros"],"_links":{"self":[{"href":"https:\/\/blogdoedvaldomagalhaes.com.br\/index.php\/wp-json\/wp\/v2\/posts\/105236","targetHints":{"allow":["GET"]}}],"collection":[{"href":"https:\/\/blogdoedvaldomagalhaes.com.br\/index.php\/wp-json\/wp\/v2\/posts"}],"about":[{"href":"https:\/\/blogdoedvaldomagalhaes.com.br\/index.php\/wp-json\/wp\/v2\/types\/post"}],"author":[{"embeddable":true,"href":"https:\/\/blogdoedvaldomagalhaes.com.br\/index.php\/wp-json\/wp\/v2\/users\/1"}],"replies":[{"embeddable":true,"href":"https:\/\/blogdoedvaldomagalhaes.com.br\/index.php\/wp-json\/wp\/v2\/comments?post=105236"}],"version-history":[{"count":2,"href":"https:\/\/blogdoedvaldomagalhaes.com.br\/index.php\/wp-json\/wp\/v2\/posts\/105236\/revisions"}],"predecessor-version":[{"id":105241,"href":"https:\/\/blogdoedvaldomagalhaes.com.br\/index.php\/wp-json\/wp\/v2\/posts\/105236\/revisions\/105241"}],"wp:featuredmedia":[{"embeddable":true,"href":"https:\/\/blogdoedvaldomagalhaes.com.br\/index.php\/wp-json\/wp\/v2\/media\/105239"}],"wp:attachment":[{"href":"https:\/\/blogdoedvaldomagalhaes.com.br\/index.php\/wp-json\/wp\/v2\/media?parent=105236"}],"wp:term":[{"taxonomy":"category","embeddable":true,"href":"https:\/\/blogdoedvaldomagalhaes.com.br\/index.php\/wp-json\/wp\/v2\/categories?post=105236"},{"taxonomy":"post_tag","embeddable":true,"href":"https:\/\/blogdoedvaldomagalhaes.com.br\/index.php\/wp-json\/wp\/v2\/tags?post=105236"}],"curies":[{"name":"wp","href":"https:\/\/api.w.org\/{rel}","templated":true}]}}