{"id":105230,"date":"2024-02-06T12:12:23","date_gmt":"2024-02-06T15:12:23","guid":{"rendered":"https:\/\/blogdoedvaldomagalhaes.com.br\/?p=105230"},"modified":"2024-02-06T12:17:37","modified_gmt":"2024-02-06T15:17:37","slug":"carnaval-edmilson-do-salgado-bate-recorde-de-publico-em-sua-13a-edicao","status":"publish","type":"post","link":"https:\/\/blogdoedvaldomagalhaes.com.br\/index.php\/2024\/02\/06\/carnaval-edmilson-do-salgado-bate-recorde-de-publico-em-sua-13a-edicao\/","title":{"rendered":"Carnaval Edmilson do Salgado bate recorde de p\u00fablico em sua 13\u00aa edi\u00e7\u00e3o"},"content":{"rendered":"<p><span style=\"font-size: revert;\">No domingo (04), o Carnaval Edmilson do Salgado agitou as ruas da cidade de Caruaru, marcando sua 13\u00aa edi\u00e7\u00e3o com um sucesso estrondoso e um recorde de p\u00fablico. Sob um c\u00e9u ensolarado, foli\u00f5es de todas as idades se reuniram para celebrar esse bloco de carnaval, que se consolidou como um verdadeiro marco no calend\u00e1rio cultural da regi\u00e3o.<\/span><\/p>\n<p>A festa contou com atra\u00e7\u00f5es que animaram a tarde dos foli\u00f5es. Trio el\u00e9trico e pared\u00f5es de som garantiram a energia l\u00e1 em cima durante todo o percurso dos presentes. Todo ano o trajeto tem in\u00edcio na Rua Santa Luzia, 319, no Salgado, e se estende at\u00e9 a pra\u00e7a da Academia das Cidades, no S\u00e3o Jo\u00e3o da Esc\u00f3cia, proporcionando um momento de divers\u00e3o e confraterniza\u00e7\u00e3o.<\/p>\n<p>Em suma, o Carnaval Edmilson do Salgado reafirma seu lugar como uma das festas mais aguardadas e queridas pelos moradores da regi\u00e3o. Com sua 13\u00aa edi\u00e7\u00e3o marcada por um p\u00fablico recorde e muita anima\u00e7\u00e3o, o evento continua a crescer cada vez mais. Fotos: Matheus Antunes.<\/p>\n<p>Seja seguidor do Instagram do Blog e comente @blogdoedvaldomagalhaes<\/p>\n\n\n<figure class=\"wp-block-image size-large is-resized\"><img loading=\"lazy\" decoding=\"async\" width=\"1024\" height=\"576\" src=\"https:\/\/blogdoedvaldomagalhaes.com.br\/wp-content\/uploads\/2024\/02\/ca18e1d3-3bed-464a-9b7e-9160e650705c-1024x576.jpeg\" alt=\"\" class=\"wp-image-105233\" style=\"width:488px;height:auto\" srcset=\"https:\/\/blogdoedvaldomagalhaes.com.br\/wp-content\/uploads\/2024\/02\/ca18e1d3-3bed-464a-9b7e-9160e650705c-1024x576.jpeg 1024w, https:\/\/blogdoedvaldomagalhaes.com.br\/wp-content\/uploads\/2024\/02\/ca18e1d3-3bed-464a-9b7e-9160e650705c-300x169.jpeg 300w, https:\/\/blogdoedvaldomagalhaes.com.br\/wp-content\/uploads\/2024\/02\/ca18e1d3-3bed-464a-9b7e-9160e650705c-768x432.jpeg 768w, https:\/\/blogdoedvaldomagalhaes.com.br\/wp-content\/uploads\/2024\/02\/ca18e1d3-3bed-464a-9b7e-9160e650705c-1536x864.jpeg 1536w, https:\/\/blogdoedvaldomagalhaes.com.br\/wp-content\/uploads\/2024\/02\/ca18e1d3-3bed-464a-9b7e-9160e650705c-1140x641.jpeg 1140w, https:\/\/blogdoedvaldomagalhaes.com.br\/wp-content\/uploads\/2024\/02\/ca18e1d3-3bed-464a-9b7e-9160e650705c-720x405.jpeg 720w, https:\/\/blogdoedvaldomagalhaes.com.br\/wp-content\/uploads\/2024\/02\/ca18e1d3-3bed-464a-9b7e-9160e650705c.jpeg 1600w\" sizes=\"auto, (max-width: 1024px) 100vw, 1024px\" \/><\/figure>\n","protected":false},"excerpt":{"rendered":"<p>No domingo (04), o Carnaval Edmilson do Salgado agitou as ruas da cidade de Caruaru, marcando sua 13\u00aa edi\u00e7\u00e3o com&hellip;<\/p>\n","protected":false},"author":1,"featured_media":105235,"comment_status":"closed","ping_status":"open","sticky":false,"template":"","format":"standard","meta":{"footnotes":""},"categories":[14122],"tags":[29440,2,28801,29689,3406],"class_list":["post-105230","post","type-post","status-publish","format-standard","has-post-thumbnail","hentry","category-politica","tag-blog-com-mais-visualizacao","tag-blog-do-edvaldo-magalhaes","tag-blog-mais-acessado","tag-carnaval-edmilson-do-salgado-bate-recorde-de-publico-em-sua-13a-edicao","tag-caruaru"],"_links":{"self":[{"href":"https:\/\/blogdoedvaldomagalhaes.com.br\/index.php\/wp-json\/wp\/v2\/posts\/105230","targetHints":{"allow":["GET"]}}],"collection":[{"href":"https:\/\/blogdoedvaldomagalhaes.com.br\/index.php\/wp-json\/wp\/v2\/posts"}],"about":[{"href":"https:\/\/blogdoedvaldomagalhaes.com.br\/index.php\/wp-json\/wp\/v2\/types\/post"}],"author":[{"embeddable":true,"href":"https:\/\/blogdoedvaldomagalhaes.com.br\/index.php\/wp-json\/wp\/v2\/users\/1"}],"replies":[{"embeddable":true,"href":"https:\/\/blogdoedvaldomagalhaes.com.br\/index.php\/wp-json\/wp\/v2\/comments?post=105230"}],"version-history":[{"count":2,"href":"https:\/\/blogdoedvaldomagalhaes.com.br\/index.php\/wp-json\/wp\/v2\/posts\/105230\/revisions"}],"predecessor-version":[{"id":105234,"href":"https:\/\/blogdoedvaldomagalhaes.com.br\/index.php\/wp-json\/wp\/v2\/posts\/105230\/revisions\/105234"}],"wp:featuredmedia":[{"embeddable":true,"href":"https:\/\/blogdoedvaldomagalhaes.com.br\/index.php\/wp-json\/wp\/v2\/media\/105235"}],"wp:attachment":[{"href":"https:\/\/blogdoedvaldomagalhaes.com.br\/index.php\/wp-json\/wp\/v2\/media?parent=105230"}],"wp:term":[{"taxonomy":"category","embeddable":true,"href":"https:\/\/blogdoedvaldomagalhaes.com.br\/index.php\/wp-json\/wp\/v2\/categories?post=105230"},{"taxonomy":"post_tag","embeddable":true,"href":"https:\/\/blogdoedvaldomagalhaes.com.br\/index.php\/wp-json\/wp\/v2\/tags?post=105230"}],"curies":[{"name":"wp","href":"https:\/\/api.w.org\/{rel}","templated":true}]}}