{"id":105227,"date":"2024-02-06T11:53:11","date_gmt":"2024-02-06T14:53:11","guid":{"rendered":"https:\/\/blogdoedvaldomagalhaes.com.br\/?p=105227"},"modified":"2024-02-06T11:53:14","modified_gmt":"2024-02-06T14:53:14","slug":"governo-pe-divulga-acoes-da-cultura-para-o-carnaval-de-pernambuco-com-investimento-de-r-20-milhoes-em-91-municipios","status":"publish","type":"post","link":"https:\/\/blogdoedvaldomagalhaes.com.br\/index.php\/2024\/02\/06\/governo-pe-divulga-acoes-da-cultura-para-o-carnaval-de-pernambuco-com-investimento-de-r-20-milhoes-em-91-municipios\/","title":{"rendered":"Governo-PE divulga a\u00e7\u00f5es da cultura para o Carnaval de Pernambuco, com investimento de R$ 20 milh\u00f5es em 91 munic\u00edpios"},"content":{"rendered":"<p style=\"font-weight: 400;\"><span style=\"font-size: revert;\" data-removefontsize=\"true\" data-originalcomputedfontsize=\"16\">A tradi\u00e7\u00e3o de celebrar o Carnaval faz de Pernambuco um dos ber\u00e7os do reinado de Momo, festa popular considerada como uma das principais identidades do Brasil. Desde o centen\u00e1rio do frevo, patrim\u00f4nio da humanidade, passando pelos tambores, ganz\u00e1s e vestimentas dos macaratus, indo pela religiosidade dos afox\u00e9s, pelos bonecos gigantes ou pelos milhares de blocos de mascarados. Estes \u00faltimos, a depender de onde estejam, ainda ganham nomes de papangus, caretas, caiporas, tabaqueiros ou la ursas. \u00c9 aqui que as mais diversas manifesta\u00e7\u00f5es carnavalescas est\u00e3o representadas.<\/span><\/p>\n<p style=\"font-weight: 400;\">\n<p style=\"font-weight: 400;\"><span data-removefontsize=\"true\" data-originalcomputedfontsize=\"16\">Com o objetivo de valorizar e fortalecer ainda mais a cultura e o Carnaval pernambucano, o Governo do Estado, por meio da Secretaria de Cultura (Secult-PE), da Funda\u00e7\u00e3o do Patrim\u00f4nio Hist\u00f3rico e Art\u00edstico de Pernambuco (Fundarpe), da Secretaria Estadual de Turismo (Setur-PE) e da Empresa de Turismo de Pernambuco (Empetur), apoia as festividades realizadas em 91 munic\u00edpios. Al\u00e9m destes polos carnavalescos, h\u00e1 ainda a realiza\u00e7\u00e3o de encontros e cortejos de cultura popular em todas as regi\u00f5es do Estado. Os valores investidos pela atual gest\u00e3o s\u00e3o na ordem de R$ 20 milh\u00f5es, o dobro do recurso de 2023, contemplando at\u00e9 o momento 820 contrata\u00e7\u00f5es art\u00edsiticas, sendo cerca da metade destinada para apresenta\u00e7\u00f5es de grupos de cultura popular.<\/span><\/p>\n<p style=\"font-weight: 400;\">\n<p style=\"font-weight: 400;\"><span data-removefontsize=\"true\" data-originalcomputedfontsize=\"16\">O apoio da Secult-PE e da Fundarpe est\u00e1 direcionado \u00e0s manifesta\u00e7\u00f5es, como: maracatus, caboclinhos, cavalos-marinhos, agremia\u00e7\u00f5es de frevo, al\u00e9m de outros artistas e grupo habilitados na convocat\u00f3ria do Ciclo Carnavalesco 2024. Outra iniciativa deste ano \u00e9 o investimento em a\u00e7\u00f5es nas escolas, com aporte na ordem de R$ 400 mil para a realiza\u00e7\u00e3o de 50 apresenta\u00e7\u00f5es culturais em centros de ensino da gest\u00e3o estadual.<\/span><\/p>\n<p style=\"font-weight: 400;\">\n<p style=\"font-weight: 400;\"><span data-removefontsize=\"true\" data-originalcomputedfontsize=\"16\">\u201cEste \u00e9 o primeiro Carnaval planejado 100% pela gest\u00e3o Raquel Lyra e estamos empenhados em fazer uma festa que celebre e promova nossas ra\u00edzes. Buscando democratizar cada vez mais o acesso \u00e0 cultura, tanto na frui\u00e7\u00e3o, quanto na produ\u00e7\u00e3o. Implementamos pol\u00edticas afirmativas de cotas relativas a identidade de g\u00eanero, PcDs e povos tradicionais e origin\u00e1rios, al\u00e9m, de ampliarmos o apoio a eventos no interior do estado. Isso vai aumentar a diversidade, que j\u00e1 \u00e9 uma marca do Carnaval de Pernambuco, para al\u00e9m da gama das pr\u00f3prias express\u00f5es art\u00edsticas, mas, tamb\u00e9m, por meio de uma pluralidade de fazedores de cultura, cada qual com suas peculiaridades, o que vai tornar nossa festa ainda mais rica e particular\u201d, celebra Cacau de Paula, secret\u00e1ria Estadual de Cultura.<\/p>\n<p><\/span><\/p>\n<p style=\"font-weight: 400;\"><span data-removefontsize=\"true\" data-originalcomputedfontsize=\"16\">J\u00e1 a presidente da Fundarpe, Renata Borba, ressalta a valoriza\u00e7\u00e3o da participa\u00e7\u00e3o dos grupos de cultura popular como grande contribui\u00e7\u00e3o do Governo de Pernambuco no ciclo carnavalesco. \u201cIncentivar os grupos de cultura popular do Estado \u00e9 nosso papel, enquanto gestores p\u00fablicos. Cada um desses integrantes \u00e9 respons\u00e1vel por carregar nossos s\u00edmbolos mais marcantes: a diversidade cultural e o respeito \u00e0s tradi\u00e7\u00f5es\u201d, ressalta a gestora. <\/span><\/p>\n<p style=\"font-weight: 400;\">\n<p style=\"font-weight: 400;\"><strong><span data-removefontsize=\"true\" data-originalcomputedfontsize=\"16\">CORTEJO BRINCANTES &#8211;<\/span><\/strong><span data-removefontsize=\"true\" data-originalcomputedfontsize=\"16\"> Tamb\u00e9m como parte da programa\u00e7\u00e3o do Carnaval 2024, a Secult-PE e Fundarpe realizam o Cortejo Brincantes de Pernambuco. A iniciativa conta com a participa\u00e7\u00e3o de grupos que representam manifesta\u00e7\u00f5es culturais carnavalescas.\u00a0 Al\u00e9m disso, possibilita que turistas e a popula\u00e7\u00e3o possam conhecer as variadas manifesta\u00e7\u00f5es do Carnaval.<\/span><\/p>\n<p style=\"font-weight: 400;\">\n<p style=\"font-weight: 400;\">\n<p style=\"font-weight: 400;\"><span data-removefontsize=\"true\" data-originalcomputedfontsize=\"16\">O Cortejo Brincantes de Pernambuco, projeto idealizado e executado pela\u00a0 Secult-PE e Fundarpe e que recebeu investimento de R$ 1,1 milh\u00e3o, iniciou sua programa\u00e7\u00e3o de apresenta\u00e7\u00f5es neste carnaval no Recife, na \u00faltima quinta-feira (1\u00ba\/02). No primeiro cortejo, realizado no Recife, participaram grupos percussivo, ursos, maracatus de baque solto e baque virado, bois e afox\u00e9s . Tamb\u00e9m fizeram parte da programa\u00e7\u00e3o Patrim\u00f4nios Vivos de Pernambuco, como a Tro\u00e7a Carnavalesca Mista Cariri Olindense, o Caboclinhos Canid\u00e9 e o Homem da Meia Noite.<\/span><\/p>\n<p style=\"font-weight: 400;\">\n<p style=\"font-weight: 400;\"><span data-removefontsize=\"true\" data-originalcomputedfontsize=\"16\">Na sequ\u00eancia, desfilar\u00e1 em Olinda, no dia 8 de fevereiro; Ipojuca\/Porto de Galinhas, no dia 09; Pesqueira, no dia 10; Arcoverde, no dia 11; Itamarac\u00e1 e Triunfo, no dia 12; e Bezerros, no dia 13.<\/p>\n<p><\/span><\/p>\n<p style=\"font-weight: 400;\"><strong><span data-removefontsize=\"true\" data-originalcomputedfontsize=\"16\">SABERES CARNAVALIZADOS \u2013<\/span><\/strong><span data-removefontsize=\"true\" data-originalcomputedfontsize=\"16\"> Em parceria com a Secretaria Estadual de Educa\u00e7\u00e3o, a Secult-PE e Fundarpe levam para 51 escolas de todas as regi\u00f5es do Estado o projeto Saberes Carnavalizados. Neste per\u00edodo de retorno \u00e0s atividades escolares na semana pr\u00e9-carnavalesca, estudantes da rede p\u00fablica de ensino ter\u00e3o contato com artistas e grupos da cultura popular, numa imers\u00e3o nas manifesta\u00e7\u00f5es mais representativas do Carnaval de Pernambuco. <\/span><\/p>\n<p style=\"font-weight: 400;\">\n<p style=\"font-weight: 400;\"><span data-removefontsize=\"true\" data-originalcomputedfontsize=\"16\">Participam do projeto grupos de coco de roda, bois, blocos carnavalescos, grupos de dan\u00e7a, maracatus de baque solto e baque virado, afox\u00e9s, caboclinhos e orquestras de frevo, entre outros. <\/span><\/p>\n<p style=\"font-weight: 400;\">\n<p style=\"font-weight: 400;\"><strong><span data-removefontsize=\"true\" data-originalcomputedfontsize=\"16\">APOIO AOS GIGANTES &#8211; <\/span><\/strong><span data-removefontsize=\"true\" data-originalcomputedfontsize=\"16\">O Homem da Meia Noite, Patrim\u00f4nio Vivo de Pernambuco, que sai pelas ruas de Olinda, \u00e0s 0h, do s\u00e1bado de Carnaval (10), voltar\u00e1 a contar com apoio do Governo de Pernambuco. A gest\u00e3o est\u00e1 promovendo incentivo de R$ 100 mil, como forma de valorizar e fortalecer um dos principais \u00edcones do Carnaval pernambucano.<\/span><\/p>\n<p style=\"font-weight: 400;\">\n<p style=\"font-weight: 400;\"><span data-removefontsize=\"true\" data-originalcomputedfontsize=\"16\">Outro gigante que receber\u00e1 apoio do governo estadual \u00e9 o Galo da Madrugada, o maior bloco do mundo, que sai no S\u00e1bado de Z\u00e9 Pereira (10). Neste ano, o Galo da Madrugada receber\u00e1 um aporte de R$700 mil da Empetur e da Coperg\u00e1s, al\u00e9m de contar com trio da Secretaria Estadual da Mulher com atra\u00e7\u00f5es contratadas pela Fundarpe, que desfilar\u00e1 no maior bloco de rua do mundo ao som da Orquestra 100% Mulher e as cantoras Cristina Amaral e Gabi do Carmo.<\/span><\/p>\n<p style=\"font-weight: 400;\">\n<p style=\"font-weight: 400;\">\n<p style=\"font-weight: 400;\"><strong><span data-removefontsize=\"true\" data-originalcomputedfontsize=\"16\">ENCONTROS E FESTIVAIS &#8211;<\/span><\/strong><span data-removefontsize=\"true\" data-originalcomputedfontsize=\"16\"> Al\u00e9m de incluir in\u00fameros artistas e grupos na programa\u00e7\u00e3o promovida pelos munic\u00edpios, o Governo de Pernambuco tamb\u00e9m apoia 23 encontros tradicionais de cultura popular e festivais importantes, como o RecBeat, Cena Peixinhos, Festival Pr\u00e9-Amp e Porto Musical. Nessas a\u00e7\u00f5es, ser\u00e3o aportados investimentos na ordem de R$ 2,2 milh\u00f5es em contrata\u00e7\u00f5es art\u00edsticas. <\/span><\/p>\n<p style=\"font-weight: 400;\">\n<p style=\"font-weight: 400;\"><span data-removefontsize=\"true\" data-originalcomputedfontsize=\"16\">Alguns exemplos de eventos que j\u00e1 foram realizados s\u00e3o o \u00c1guas de Oxal\u00e1, em Olinda; o Encontro de Blocos de Pau e Corda de Pernambuco \u2013 Aurora dos Carnavais; o 15\u00aa Festival Cena Peixinhos; o Porto Musical, com o palco Som na Rural; o Festival Pr\u00e9-Amp; e o Os Bois Brilham no Carnaval de Todos.<\/span><\/p>\n<p style=\"font-weight: 400;\"><span data-removefontsize=\"true\" data-originalcomputedfontsize=\"16\"><br \/>\nNa semana pr\u00e9-carnavalesca, a Fundarpe apoiar\u00e1 a Noite Para os Tambores Silenciosos, em Olinda, nesta segunda-feira (5), a partir das 20h; o 10\u00ba Encontro de Mestres \u2013 Na\u00e7\u00f5es de Maracatu, na Pra\u00e7a do Arsenal, no Recife, na ter\u00e7a-feira (6), \u00e0s 18h; e o Baile das Coroas da Casa de Badia, no Bairro do Recife, nesta quinta-feira (8), \u00e0s 17h. <\/span><\/p>\n<p style=\"font-weight: 400;\">\n<p style=\"font-weight: 400;\"><span data-removefontsize=\"true\" data-originalcomputedfontsize=\"16\">Durante o Carnaval, haver\u00e1 uma extensa programa\u00e7\u00e3o cultural incentivada pela Fundarpe, como o Festival RecBeat, nas noites de s\u00e1bado (10) a ter\u00e7a-feira (13). Al\u00e9m disso, ap\u00f3s um per\u00edodo de oito anos, o Festival de Jazz volta a acontecer no munic\u00edpio de Garanhuns, durante o per\u00edodo carnavalesco, e com apoio da atual gest\u00e3o estadual. De s\u00e1bado (10) a ter\u00e7a-feira (13), a cidade recebe o Garanhuns Jazz Festival. O festival \u00e9 uma alternativa para os turistas e locais que desejam festejar ao som de outros ritmos com artistas nacionais e internacionais.<\/span><\/p>\n<p style=\"font-weight: 400;\">\n<p style=\"font-weight: 400;\"><span data-removefontsize=\"true\" data-originalcomputedfontsize=\"16\">Outro evento ser\u00e1 o Encontro Estadual de Maracatus de Baque Solto de Pernambuco, com a presen\u00e7a de dezenas de maracatus de v\u00e1rias cidades do Estado. O evento acontece em Olinda, dia 11, em Nazar\u00e9 da Mata, dia 12, e em Alian\u00e7a, dia 13.<\/span><\/p>\n<p style=\"font-weight: 400;\">\n<p style=\"font-weight: 400;\"><span data-removefontsize=\"true\" data-originalcomputedfontsize=\"16\">O Encontro de Burrinhas, Caboclinhos, Catirinas e Maracatus de Pernambuco, que acontece em Bom Jardim, at\u00e9 o dia 13, tamb\u00e9m recebeu apoio do Governo. <\/span><\/p>\n<p style=\"font-weight: 400;\">\n<p style=\"font-weight: 400;\"><span data-removefontsize=\"true\" data-originalcomputedfontsize=\"16\">Em Olinda, na segunda-feira (12), mais precisamente na Cidade Tabajara, acontece o Carnaval Mesclado da Casa da Rabeca, 8h, no Centro Cultural Casa da Rabeca do Brasil, reunindo grupos de maracatus de baque solto, al\u00e9m de caboclinhos, bois e cavalos marinhos de v\u00e1rios munic\u00edpios pernambucanos. Olinda receber\u00e1 no mesmo dia o Encontro dos Bonecos Gigantes, \u00e0s 11h. <\/span><\/p>\n<p style=\"font-weight: 400;\">\n<p style=\"font-weight: 400;\"><span data-removefontsize=\"true\" data-originalcomputedfontsize=\"16\">Ainda no S\u00edtio Hist\u00f3rico, acontecer\u00e1 o Encontro Estadual de Afox\u00e9s de Pernambuco \u2013 promovido pela Uni\u00e3o dos Afox\u00e9s de Pernambuco, ser\u00e1 realizado na Quarta-Feira de Cinzas (14), \u00e0s 19h, no S\u00edtio Hist\u00f3rico de Olinda, com a participa\u00e7\u00e3o de v\u00e1rios afox\u00e9s da Regi\u00e3o Metropolitana do Recife.<\/span><\/p>\n<p style=\"font-weight: 400;\"><span data-removefontsize=\"true\" data-originalcomputedfontsize=\"16\"><br \/>\nNo Agreste de Pernambuco, em Limoeiro, ser\u00e1 realizado o 7\u00ba Encontro de Bois de Caboclinhos. O evento acontece no dia 17 de fevereiro, \u00e0s 14h, na Pra\u00e7a P\u00fablica do munic\u00edpio.<\/span><\/p>\n<p style=\"font-weight: 400;\">\n<p style=\"font-weight: 400;\"><strong><span data-removefontsize=\"true\" data-originalcomputedfontsize=\"16\">CARNAVAL NA CASA DA CULTURA<\/span><\/strong><span data-removefontsize=\"true\" data-originalcomputedfontsize=\"16\"> &#8211; A Casa da Cultura, equipamento cultural gerenciado pela Fundarpe, ser\u00e1 palco, de segunda (5) a sexta-feira (9), de uma pr\u00e9via do Carnaval de Pernambuco com atra\u00e7\u00f5es que representam o frevo, manifesta\u00e7\u00e3o cultural genuinamente pernambucana, e Patrim\u00f4nio Imaterial da Humanidade. Todos os dias, haver\u00e1 apresenta\u00e7\u00e3o de orquestras de frevo e companhias de dan\u00e7a no ritmo do frevo para entrar no clima carnavalesco.<\/span><\/p>\n<p style=\"font-weight: 400;\">\n<p style=\"font-weight: 400;\"><strong><span data-removefontsize=\"true\" data-originalcomputedfontsize=\"16\">CONVOCAT\u00d3RIA \u2013<\/span><\/strong><span data-removefontsize=\"true\" data-originalcomputedfontsize=\"16\"> A convocat\u00f3ria do Ciclo Carnavalesco de Pernambuco 2024 contou com mais de 1,5 mil inscri\u00e7\u00f5es, tendo cerca de 1,3 mil propostas habilitadas &#8211; um total de quase 80% das inscri\u00e7\u00f5es. Isso significa um Carnaval ainda maior, mais inclusivo, mais democr\u00e1tico, e com a participa\u00e7\u00e3o de mais brincantes da cultura popular de todas as regi\u00f5es do Estado.<\/span><\/p>\n<p style=\"font-weight: 400;\">\n<p style=\"font-weight: 400;\"><span data-removefontsize=\"true\" data-originalcomputedfontsize=\"16\">Dos selecionados para compor a grade do Carnaval de Pernambuco foram reservadas vagas para contrata\u00e7\u00e3o de artistas com defici\u00eancia ou grupos art\u00edsticos formados em sua maioria por pessoas com defici\u00eancia; para artistas pertencentes \u00e0s comunidades quilombolas ou grupos art\u00edsticos formados em sua maioria por pessoas pertencentes a tais comunidades; e para pol\u00edticas afirmativas de identidade de g\u00eanero.<\/span><\/p>\n<p style=\"font-weight: 400;\">\n<p style=\"font-weight: 400;\"><strong><span data-removefontsize=\"true\" data-originalcomputedfontsize=\"16\">HOMENAGEADOS &#8211;<\/span><\/strong><span data-removefontsize=\"true\" data-originalcomputedfontsize=\"16\"> O Governo de Pernambuco far\u00e1 uma homenagem in\u00e9dita a tr\u00eas grandes vozes da cultura pernambucana no Carnaval 2024: Alceu Valen\u00e7a, Claudionor Germano e Lia de Itamarac\u00e1. \u00cdcones da festa e cantores reverenciados no mundo todo, Claudionor Germano e Lia de Itamarac\u00e1 s\u00e3o Patrim\u00f4nios Vivos do Estado. Alceu Valen\u00e7a, por sua vez, \u00e9 detentor da Medalha da Ordem do M\u00e9rito Guararapes, t\u00edtulo concedido ao artista pela sua representatividade na cultura pernambucana.<\/span><\/p>\n<p>Foto: Divulga\u00e7\u00e3o.<\/p>\n<p>Seja seguidor do Instagram do Blog @blogdoedvaldomagalhaes<\/p>\n","protected":false},"excerpt":{"rendered":"<p>A tradi\u00e7\u00e3o de celebrar o Carnaval faz de Pernambuco um dos ber\u00e7os do reinado de Momo, festa popular considerada como&hellip;<\/p>\n","protected":false},"author":1,"featured_media":105228,"comment_status":"closed","ping_status":"open","sticky":false,"template":"","format":"standard","meta":{"footnotes":""},"categories":[14120],"tags":[29440,2,28801,14227,3406,29688],"class_list":["post-105227","post","type-post","status-publish","format-standard","has-post-thumbnail","hentry","category-noticias","tag-blog-com-mais-visualizacao","tag-blog-do-edvaldo-magalhaes","tag-blog-mais-acessado","tag-carnaval","tag-caruaru","tag-governo-pe-divulga-acoes-da-cultura-para-o-carnaval-de-pernambuco-com-investimento-de-r-20-milhoes-em-91-municipios"],"_links":{"self":[{"href":"https:\/\/blogdoedvaldomagalhaes.com.br\/index.php\/wp-json\/wp\/v2\/posts\/105227","targetHints":{"allow":["GET"]}}],"collection":[{"href":"https:\/\/blogdoedvaldomagalhaes.com.br\/index.php\/wp-json\/wp\/v2\/posts"}],"about":[{"href":"https:\/\/blogdoedvaldomagalhaes.com.br\/index.php\/wp-json\/wp\/v2\/types\/post"}],"author":[{"embeddable":true,"href":"https:\/\/blogdoedvaldomagalhaes.com.br\/index.php\/wp-json\/wp\/v2\/users\/1"}],"replies":[{"embeddable":true,"href":"https:\/\/blogdoedvaldomagalhaes.com.br\/index.php\/wp-json\/wp\/v2\/comments?post=105227"}],"version-history":[{"count":1,"href":"https:\/\/blogdoedvaldomagalhaes.com.br\/index.php\/wp-json\/wp\/v2\/posts\/105227\/revisions"}],"predecessor-version":[{"id":105229,"href":"https:\/\/blogdoedvaldomagalhaes.com.br\/index.php\/wp-json\/wp\/v2\/posts\/105227\/revisions\/105229"}],"wp:featuredmedia":[{"embeddable":true,"href":"https:\/\/blogdoedvaldomagalhaes.com.br\/index.php\/wp-json\/wp\/v2\/media\/105228"}],"wp:attachment":[{"href":"https:\/\/blogdoedvaldomagalhaes.com.br\/index.php\/wp-json\/wp\/v2\/media?parent=105227"}],"wp:term":[{"taxonomy":"category","embeddable":true,"href":"https:\/\/blogdoedvaldomagalhaes.com.br\/index.php\/wp-json\/wp\/v2\/categories?post=105227"},{"taxonomy":"post_tag","embeddable":true,"href":"https:\/\/blogdoedvaldomagalhaes.com.br\/index.php\/wp-json\/wp\/v2\/tags?post=105227"}],"curies":[{"name":"wp","href":"https:\/\/api.w.org\/{rel}","templated":true}]}}