{"id":1052,"date":"2018-10-08T02:29:00","date_gmt":"2018-10-08T05:29:00","guid":{"rendered":"http:\/\/blogdoedvaldomagalhaes.com.br\/index.php\/2018\/10\/08\/ministerio-publico-apresenta-o-resumo\/"},"modified":"2019-02-09T02:34:26","modified_gmt":"2019-02-09T04:34:26","slug":"ministerio-publico-apresenta-o-resumo","status":"publish","type":"post","link":"https:\/\/blogdoedvaldomagalhaes.com.br\/index.php\/2018\/10\/08\/ministerio-publico-apresenta-o-resumo\/","title":{"rendered":"Minist\u00e9rio P\u00fablico apresenta o resumo das ocorr\u00eancias nas elei\u00e7\u00f5es em Pernambuco"},"content":{"rendered":"<div class=\"separator\" style=\"clear: both; text-align: center;\">\n<a href=\"https:\/\/1.bp.blogspot.com\/-KoQl6zT32HM\/W7rAsIXw41I\/AAAAAAAA7dA\/h6NMt4Y6oewqaXt4VYB1TTbk9NpqTWwRQCLcBGAs\/s1600\/mp.jpg\" imageanchor=\"1\" style=\"margin-left: 1em; margin-right: 1em;\"><img loading=\"lazy\" decoding=\"async\" border=\"0\" data-original-height=\"300\" data-original-width=\"600\" height=\"320\" src=\"http:\/\/blogdoedvaldomagalhaes.com.br\/wp-content\/uploads\/2018\/10\/mp-1.jpg\" width=\"640\" \/><\/a><\/div>\n<div style=\"text-align: justify;\">\n<\/div>\n<div style=\"text-align: justify;\">\nAp\u00f3s o encerramento vota\u00e7\u00e3o do primeiro turno deste ano e o in\u00edcio da apura\u00e7\u00e3o dos votos em Pernambuco, o procurador-geral de Justi\u00e7a (PGJ-PE) do Minist\u00e9rio P\u00fablico de Pernambuco (MPPE) avalia como positiva e tranquila o saldo das Elei\u00e7\u00f5es Gerais de 2018. Em todo o Estado, 186 urnas eletr\u00f4nicas tiveram de ser substitu\u00eddas por outros equipamentos, sem preju\u00edzo, contudo, para que os eleitores pernambucanos pudessem exercer o direito ao voto.<\/div>\n<div style=\"text-align: justify;\">\n<\/div>\n<div style=\"text-align: justify;\">\n\u201cAs elei\u00e7\u00f5es deste ano foram extremamente tranquilas e estivemos de prontid\u00e3o e plant\u00e3o durante todo o dia, acompanhando o trabalho dos promotores eleitorais em todas as cidades do Estado. Mantivemos toda a equipe do Minist\u00e9rio P\u00fablico atuando em todas as cidades, com visitas em todos os col\u00e9gios eleitorais, com seguran\u00e7a e prud\u00eancia, a partir de uma atua\u00e7\u00e3o orientativa ao cidad\u00e3o pernambucano. Procuramos fazer pris\u00f5es em \u00faltimo caso, sempre buscando explicar, orientar e sanar d\u00favidas\u201d, disse o procurador-geral de Justi\u00e7a de Pernambuco, Francisco Dirceu Barros.<\/div>\n<div style=\"text-align: justify;\">\n<\/div>\n<div style=\"text-align: justify;\">\nAo longo do dia, o n\u00famero de crimes eleitorais cometidos foi menor que o saldo registrado em todo o Brasil e 340 atendimentos foram realizados para verificar poss\u00edveis defeitos t\u00e9cnicos nos equipamentos. \u201cO Minist\u00e9rio P\u00fablico atuou com muita efici\u00eancia e estou orgulhoso do trabalho desenvolvido. Atuamos em prol da manuten\u00e7\u00e3o da normalidade e da legitimidade do pleito. Avalio claramente, que conseguimos assegurar o direito ao voto do pernambucano, fortalecendo a democracia brasileira!\u201d, asseverou Dirceu Barros.<\/div>\n<div style=\"text-align: justify;\">\n<\/div>\n<div style=\"text-align: justify;\">\nNo Recife, a promotora eleitoral, Helena Capela, deu voz de pris\u00e3o para duas mulheres que estavam realizando boca de urna na 9\u00aa Zona Eleitoral do Estado, no bairro do Alto do Pascoal, na Regi\u00e3o Metropolitana do Recife (RMR). \u201cAo chegar col\u00e9gio eleitoral do bairro, flagramos duas mulheres fazendo a distribui\u00e7\u00e3o de material de campanha. Demos de pronto a voz de pris\u00e3o. \u00c9 vedada a capta\u00e7\u00e3o de eleitores no dia da vota\u00e7\u00e3o, isso impede o exerc\u00edcio do sulfragio neste dia que \u00e9 t\u00e3o importante o exerc\u00edcio da livre escolha\u201d, relatou a promotora.<\/div>\n<div style=\"text-align: justify;\">\n<\/div>\n<div style=\"text-align: justify;\">\nEm Cabrob\u00f3, no Sert\u00e3o do S\u00e3o Francisco, cinco pessoas e um menor tamb\u00e9m foram detidos. Todos foram flagrados pelo promotor eleitoral, Tiago Sales Bulhosa, praticando o transporte ilegal de pessoas e a compra de votos com a distribui\u00e7\u00e3o de alimentos. \u201c\u00c9 vedada a qualquer pessoa a realiza\u00e7\u00e3o ou fornecimento de transporte ou refei\u00e7\u00f5es e alimento \u00e0 eleitores em zonas urbanas, conforme preconiza o artigo 10 da Lei Federal n.\u00ba 6.091. O menor de idade j\u00e1 foi solto e vamos realizar as audi\u00eancias de cust\u00f3dia dos maiores de idade\u201d, afirmou o promotor.<\/div>\n<div style=\"text-align: justify;\">\n<\/div>\n<div style=\"text-align: justify;\">\n<\/div>\n<div style=\"text-align: justify;\">\nUma mulher tamb\u00e9m foi detida em Santa Cruz do Capibaribe, no Agreste, por fotografar o voto na urna eletr\u00f4nica. Ela foi levada para a delegacia local e prestou depoimento sobre o caso. Caso semelhante ocorreu em Caruaru, quando uma mulher foi detida na&nbsp; Em Caruaru,&nbsp; ainda no Agreste, o vereador da cidade tamb\u00e9m foi detido por boca de urna em um col\u00e9gio eleitoral. O parlamentar estava distribuindo materiais de candidatos, quando foi flagrado por um dos fiscais de uma coliga\u00e7\u00e3o de sua oposi\u00e7\u00e3o.<\/div>\n<div style=\"text-align: justify;\">\n<\/div>\n<div style=\"text-align: justify;\">\nNo Distrito Estadual de Fernando de Noronha, uma mulher foi detida pelo promotor Eleitoral, Alfredo Pinheiro Martins Neto. A acusada estava indicando os n\u00fameros dos candidatos na frente da Escola Arquip\u00e9lago, local de vota\u00e7\u00e3o. \u201c\u00c9 flagrante de capta\u00e7\u00e3o ilegal e irregular de sufr\u00e1gio, promovida por uma pessoa que se diz trabalhar para uma coliga\u00e7\u00e3o e estava ensinando o eleitor, n\u00famero a n\u00famero, senador, deputados. O fato foi presenciado por mim e na hora eu acionei os policiais federais\u201d, afirmou o promotor.<\/div>\n<div style=\"text-align: justify;\">\n<\/div>\n","protected":false},"excerpt":{"rendered":"<p>Ap\u00f3s o encerramento vota\u00e7\u00e3o do primeiro turno deste ano e o in\u00edcio da apura\u00e7\u00e3o dos votos em Pernambuco, o procurador-geral&hellip;<\/p>\n","protected":false},"author":1,"featured_media":0,"comment_status":"open","ping_status":"open","sticky":false,"template":"","format":"standard","meta":{"footnotes":""},"categories":[1],"tags":[2,991,20],"class_list":["post-1052","post","type-post","status-publish","format-standard","hentry","category-sem-categoria","tag-blog-do-edvaldo-magalhaes","tag-confira-ministerio-publico-apresenta-o-resumo-das-ocorrencias-nas-eleicoes-em-pernambuco","tag-politica"],"_links":{"self":[{"href":"https:\/\/blogdoedvaldomagalhaes.com.br\/index.php\/wp-json\/wp\/v2\/posts\/1052","targetHints":{"allow":["GET"]}}],"collection":[{"href":"https:\/\/blogdoedvaldomagalhaes.com.br\/index.php\/wp-json\/wp\/v2\/posts"}],"about":[{"href":"https:\/\/blogdoedvaldomagalhaes.com.br\/index.php\/wp-json\/wp\/v2\/types\/post"}],"author":[{"embeddable":true,"href":"https:\/\/blogdoedvaldomagalhaes.com.br\/index.php\/wp-json\/wp\/v2\/users\/1"}],"replies":[{"embeddable":true,"href":"https:\/\/blogdoedvaldomagalhaes.com.br\/index.php\/wp-json\/wp\/v2\/comments?post=1052"}],"version-history":[{"count":1,"href":"https:\/\/blogdoedvaldomagalhaes.com.br\/index.php\/wp-json\/wp\/v2\/posts\/1052\/revisions"}],"predecessor-version":[{"id":34788,"href":"https:\/\/blogdoedvaldomagalhaes.com.br\/index.php\/wp-json\/wp\/v2\/posts\/1052\/revisions\/34788"}],"wp:attachment":[{"href":"https:\/\/blogdoedvaldomagalhaes.com.br\/index.php\/wp-json\/wp\/v2\/media?parent=1052"}],"wp:term":[{"taxonomy":"category","embeddable":true,"href":"https:\/\/blogdoedvaldomagalhaes.com.br\/index.php\/wp-json\/wp\/v2\/categories?post=1052"},{"taxonomy":"post_tag","embeddable":true,"href":"https:\/\/blogdoedvaldomagalhaes.com.br\/index.php\/wp-json\/wp\/v2\/tags?post=1052"}],"curies":[{"name":"wp","href":"https:\/\/api.w.org\/{rel}","templated":true}]}}