{"id":105113,"date":"2024-02-03T11:10:59","date_gmt":"2024-02-03T14:10:59","guid":{"rendered":"https:\/\/blogdoedvaldomagalhaes.com.br\/?p=105113"},"modified":"2024-02-03T11:11:00","modified_gmt":"2024-02-03T14:11:00","slug":"caruaru-se-transforma-na-capital-do-frevo-e-do-axe-na-abertura-do-pre-carnaval-multicultural-2024-com-elifas-junior-marron-brasileiro-e-o-baiano-netinho","status":"publish","type":"post","link":"https:\/\/blogdoedvaldomagalhaes.com.br\/index.php\/2024\/02\/03\/caruaru-se-transforma-na-capital-do-frevo-e-do-axe-na-abertura-do-pre-carnaval-multicultural-2024-com-elifas-junior-marron-brasileiro-e-o-baiano-netinho\/","title":{"rendered":"Caruaru se transforma na Capital do Frevo e do Ax\u00e9 na abertura do Pr\u00e9-Carnaval Multicultural 2024 com Elifas J\u00fanior, Marron Brasileiro e o baiano Netinho"},"content":{"rendered":"<p><span style=\"font-size: revert;\">J\u00e1 virou tradi\u00e7\u00e3o: o Carnaval de Pernambuco come\u00e7a em Caruaru com a realiza\u00e7\u00e3o do Pr\u00e9-Carnaval Multicultural. Na noite da sexta-feira (2), a cidade se transformou na Capital do Frevo e do Ax\u00e9, levando milhares de foli\u00f5es e foli\u00e3s para a Esta\u00e7\u00e3o Ferrovi\u00e1ria, no Polo Cacho de Coco.<\/span><\/p>\n<p>O primeiro dia do evento, que j\u00e1 se consolidou no calend\u00e1rio dos festejos de Pernambuco, come\u00e7ou com apresenta\u00e7\u00f5es itinerantes de orquestras de frevo, que animaram todas as pessoas que chegavam no Polo Cacho de Coco. A primeira atra\u00e7\u00e3o a subir ao palco foi o caruaruense Elifas J\u00fanior, o Rei das Drilhas.<\/p>\n<p>No primeiro momento em que pisou no palco, Elifas fez quest\u00e3o de ressaltar: \u201cEu sou de Caruaru\u201d. Ele cantou grandes sucessos e fez com que ningu\u00e9m ficasse parado na Esta\u00e7\u00e3o Ferrovi\u00e1ria. \u201c\u00c9 sempre um prazer me apresentar na minha cidade e reencontrar o meu p\u00fablico. Estou muito feliz\u201d, disse.<\/p>\n<p>O evento da Prefeitura de Caruaru, promovido por meio da Funda\u00e7\u00e3o de Cultura, ainda trouxe o recifense Marron Brasileiro, que destacou a rela\u00e7\u00e3o que tem com Caruaru: \u201cEu me sinto chegando na casa de um parente muito querido e muito pr\u00f3ximo. E, de fato, estou. Amo estar em Caruaru, a terra do meu amigo Petr\u00facio Amorim\u201d.<\/p>\n<p>Para finalizar este primeiro dia de programa\u00e7\u00e3o, o baiano Netinho fechou a noite com muito ax\u00e9 e v\u00e1rios sucessos. Ele dedicou o show \u00e0 ex-vocalista da banda Cavaleiros do Forr\u00f3, Eliza Cl\u00edvia, que foi v\u00edtima de um acidente de carro aos 37 anos, em 2017. \u201cA \u00faltima vez que estive em Caruaru foi com o Cavaleiros do Forr\u00f3, em 2007. Por isso, esse show \u00e9 para a Eliza\u201d, disse.<\/p>\n<p>O Pr\u00e9-Carnaval Multicultural de Caruaru segue neste s\u00e1bado (3) com muita anima\u00e7\u00e3o nos cinco polos: Cacho de Coco, Sucata, Jackson do Pandeiro, Caf\u00e9 com Frevo e Inclus\u00e3o. Os festejos come\u00e7am a partir das 9h. Foto: Divulga\u00e7\u00e3o\/Secom\/PMC.<\/p>\n<p>Seja seguidor do Blog para comentar @blogdoedvaldomagalhaes<\/p>\n","protected":false},"excerpt":{"rendered":"<p>J\u00e1 virou tradi\u00e7\u00e3o: o Carnaval de Pernambuco come\u00e7a em Caruaru com a realiza\u00e7\u00e3o do Pr\u00e9-Carnaval Multicultural. Na noite da sexta-feira&hellip;<\/p>\n","protected":false},"author":1,"featured_media":105114,"comment_status":"closed","ping_status":"open","sticky":false,"template":"","format":"standard","meta":{"footnotes":""},"categories":[14120],"tags":[29440,2,28801,14227,3406,29661],"class_list":["post-105113","post","type-post","status-publish","format-standard","has-post-thumbnail","hentry","category-noticias","tag-blog-com-mais-visualizacao","tag-blog-do-edvaldo-magalhaes","tag-blog-mais-acessado","tag-carnaval","tag-caruaru","tag-caruaru-se-transforma-na-capital-do-frevo-e-do-axe-na-abertura-do-pre-carnaval-multicultural-2024-com-elifas-junior-marron-brasileiro-e-o-baiano-netinho"],"_links":{"self":[{"href":"https:\/\/blogdoedvaldomagalhaes.com.br\/index.php\/wp-json\/wp\/v2\/posts\/105113","targetHints":{"allow":["GET"]}}],"collection":[{"href":"https:\/\/blogdoedvaldomagalhaes.com.br\/index.php\/wp-json\/wp\/v2\/posts"}],"about":[{"href":"https:\/\/blogdoedvaldomagalhaes.com.br\/index.php\/wp-json\/wp\/v2\/types\/post"}],"author":[{"embeddable":true,"href":"https:\/\/blogdoedvaldomagalhaes.com.br\/index.php\/wp-json\/wp\/v2\/users\/1"}],"replies":[{"embeddable":true,"href":"https:\/\/blogdoedvaldomagalhaes.com.br\/index.php\/wp-json\/wp\/v2\/comments?post=105113"}],"version-history":[{"count":1,"href":"https:\/\/blogdoedvaldomagalhaes.com.br\/index.php\/wp-json\/wp\/v2\/posts\/105113\/revisions"}],"predecessor-version":[{"id":105115,"href":"https:\/\/blogdoedvaldomagalhaes.com.br\/index.php\/wp-json\/wp\/v2\/posts\/105113\/revisions\/105115"}],"wp:featuredmedia":[{"embeddable":true,"href":"https:\/\/blogdoedvaldomagalhaes.com.br\/index.php\/wp-json\/wp\/v2\/media\/105114"}],"wp:attachment":[{"href":"https:\/\/blogdoedvaldomagalhaes.com.br\/index.php\/wp-json\/wp\/v2\/media?parent=105113"}],"wp:term":[{"taxonomy":"category","embeddable":true,"href":"https:\/\/blogdoedvaldomagalhaes.com.br\/index.php\/wp-json\/wp\/v2\/categories?post=105113"},{"taxonomy":"post_tag","embeddable":true,"href":"https:\/\/blogdoedvaldomagalhaes.com.br\/index.php\/wp-json\/wp\/v2\/tags?post=105113"}],"curies":[{"name":"wp","href":"https:\/\/api.w.org\/{rel}","templated":true}]}}