{"id":105022,"date":"2024-01-31T13:51:59","date_gmt":"2024-01-31T16:51:59","guid":{"rendered":"https:\/\/blogdoedvaldomagalhaes.com.br\/?p=105022"},"modified":"2024-01-31T14:00:56","modified_gmt":"2024-01-31T17:00:56","slug":"bloco-do-pt-caruaru-na-previa-carnavalesca-da-sucata-neste-sabado-3","status":"publish","type":"post","link":"https:\/\/blogdoedvaldomagalhaes.com.br\/index.php\/2024\/01\/31\/bloco-do-pt-caruaru-na-previa-carnavalesca-da-sucata-neste-sabado-3\/","title":{"rendered":"Bloco do PT Caruaru na pr\u00e9via carnavalesca da Sucata neste s\u00e1bado (3)"},"content":{"rendered":"<p>O Bloquinho Partid\u00e1rio Carnavalesco do PT Caruaru, &#8220;Faz o L&#8221; retorna \u00e0s pr\u00e9vias do Carnaval de Caruaru.<\/p>\n<p>Lan\u00e7ado no ano passado, o Bloco do PT Caruaru promete levar os f\u00e3s do presidente Lula e sua milit\u00e2ncia pra brincar na melhor pr\u00e9via do interior do estado.<\/p>\n<p>O Bloquinho se concentra na \u00e1rea destinada ao evento da Confraria da Sucata na cal\u00e7ada do Banco do Brasil a partir das 13h deste s\u00e1bado (03.02).<\/p>\n<p>O presidente do PT Caruaru comentou sobre o evento: &#8220;A festa \u00e9 pra toda fam\u00edlia e, assim como no ano passado, este ano tamb\u00e9m contar\u00e1 com a presen\u00e7a da La Ursa Vermelha pra animar os foli\u00f5es&#8221;.<\/p>\n<p>Seja seguidor do Instagram do Blog @blogdoedvaldomagalhaes<\/p>\n","protected":false},"excerpt":{"rendered":"<p>O Bloquinho Partid\u00e1rio Carnavalesco do PT Caruaru, &#8220;Faz o L&#8221; retorna \u00e0s pr\u00e9vias do Carnaval de Caruaru. Lan\u00e7ado no ano&hellip;<\/p>\n","protected":false},"author":1,"featured_media":105024,"comment_status":"closed","ping_status":"open","sticky":false,"template":"","format":"standard","meta":{"footnotes":""},"categories":[14122],"tags":[29637,29440,2,28801,3406],"class_list":["post-105022","post","type-post","status-publish","format-standard","has-post-thumbnail","hentry","category-politica","tag-bloco-do-pt-caruaru-na-previa-carnavalesca-da-sucata","tag-blog-com-mais-visualizacao","tag-blog-do-edvaldo-magalhaes","tag-blog-mais-acessado","tag-caruaru"],"_links":{"self":[{"href":"https:\/\/blogdoedvaldomagalhaes.com.br\/index.php\/wp-json\/wp\/v2\/posts\/105022","targetHints":{"allow":["GET"]}}],"collection":[{"href":"https:\/\/blogdoedvaldomagalhaes.com.br\/index.php\/wp-json\/wp\/v2\/posts"}],"about":[{"href":"https:\/\/blogdoedvaldomagalhaes.com.br\/index.php\/wp-json\/wp\/v2\/types\/post"}],"author":[{"embeddable":true,"href":"https:\/\/blogdoedvaldomagalhaes.com.br\/index.php\/wp-json\/wp\/v2\/users\/1"}],"replies":[{"embeddable":true,"href":"https:\/\/blogdoedvaldomagalhaes.com.br\/index.php\/wp-json\/wp\/v2\/comments?post=105022"}],"version-history":[{"count":2,"href":"https:\/\/blogdoedvaldomagalhaes.com.br\/index.php\/wp-json\/wp\/v2\/posts\/105022\/revisions"}],"predecessor-version":[{"id":105025,"href":"https:\/\/blogdoedvaldomagalhaes.com.br\/index.php\/wp-json\/wp\/v2\/posts\/105022\/revisions\/105025"}],"wp:featuredmedia":[{"embeddable":true,"href":"https:\/\/blogdoedvaldomagalhaes.com.br\/index.php\/wp-json\/wp\/v2\/media\/105024"}],"wp:attachment":[{"href":"https:\/\/blogdoedvaldomagalhaes.com.br\/index.php\/wp-json\/wp\/v2\/media?parent=105022"}],"wp:term":[{"taxonomy":"category","embeddable":true,"href":"https:\/\/blogdoedvaldomagalhaes.com.br\/index.php\/wp-json\/wp\/v2\/categories?post=105022"},{"taxonomy":"post_tag","embeddable":true,"href":"https:\/\/blogdoedvaldomagalhaes.com.br\/index.php\/wp-json\/wp\/v2\/tags?post=105022"}],"curies":[{"name":"wp","href":"https:\/\/api.w.org\/{rel}","templated":true}]}}