{"id":105016,"date":"2024-01-31T12:20:41","date_gmt":"2024-01-31T15:20:41","guid":{"rendered":"https:\/\/blogdoedvaldomagalhaes.com.br\/?p=105016"},"modified":"2024-01-31T12:20:42","modified_gmt":"2024-01-31T15:20:42","slug":"pre-carnaval-de-caruaru-tem-expectativa-de-movimentar-quase-10-milhoes-na-economia-local","status":"publish","type":"post","link":"https:\/\/blogdoedvaldomagalhaes.com.br\/index.php\/2024\/01\/31\/pre-carnaval-de-caruaru-tem-expectativa-de-movimentar-quase-10-milhoes-na-economia-local\/","title":{"rendered":"Pr\u00e9-Carnaval de Caruaru tem expectativa de movimentar quase 10 milh\u00f5es na economia local"},"content":{"rendered":"<p>A Secretaria de Desenvolvimento Econ\u00f4mico, Turismo, Tecnologia e Economia Criativa (SEDETEC), tem a expectativa de movimentar quase R$ 10 milh\u00f5es na economia local durante as pr\u00e9vias da folia de momo. O carnaval de Pernambuco come\u00e7a em Caruaru e suas pr\u00e9vias acontecer\u00e3o nos dias 02 e 03 de fevereiro em v\u00e1rios pontos da cidade.<\/p>\n<p>A cidade de Caruaru \u00e9 conhecida pela sua feira e com\u00e9rcio, sua cultura e tamb\u00e9m pelas suas festividades, uma delas \u00e9 o Pr\u00e9-Carnaval multicultural, a capital do forr\u00f3 abre espa\u00e7o para o frevo e toda a energia contagiante do carnaval. <\/p>\n<p>A Prefeitura de Caruaru proporciona espa\u00e7os com shows e muitas atra\u00e7\u00f5es locais e nacionais, atraindo pessoas de todos os lugares para prestigiar o evento. A festividade acaba impactando bastante na economia do munic\u00edpio, no ano de 2023, teve uma movimenta\u00e7\u00e3o financeira de mais de R$ 7,5 milh\u00f5es, nos dias que ocorreram as festividades do pr\u00e9-carnaval. <\/p>\n<p>Para esse ano, se espera um crescimento de pelo menos 20% em rela\u00e7\u00e3o ao ano passado, ou seja, uma expectativa de quase de R$ 10 milh\u00f5es sendo injetados na economia de Caruaru.<\/p>\n<p>\u201cAs pr\u00e9vias carnavalescas impulsionam a economia em todo o estado, gerando receita atrav\u00e9s do turismo, com\u00e9rcio de alimentos, bebidas, artigos festivos e servi\u00e7os relacionados ao evento. Com Caruaru n\u00e3o \u00e9 diferente e para 2024 a expectativa \u00e9 que supere o ano anterior, estamos otimistas de que a cada ano esse evento se fortale\u00e7a e que a economia seja cada vez mais aquecida\u201d, comentou Pedro Augusto, secret\u00e1rio da SEDETEC. Foto: Divulga\u00e7\u00e3o\/Secom\/PMC.<\/p>\n<p>Seja seguidor do Instagram do Blog @blogdoedvaldomagalhaes<\/p>\n","protected":false},"excerpt":{"rendered":"<p>A Secretaria de Desenvolvimento Econ\u00f4mico, Turismo, Tecnologia e Economia Criativa (SEDETEC), tem a expectativa de movimentar quase R$ 10 milh\u00f5es&hellip;<\/p>\n","protected":false},"author":1,"featured_media":105017,"comment_status":"closed","ping_status":"open","sticky":false,"template":"","format":"standard","meta":{"footnotes":""},"categories":[14120],"tags":[29440,2,28801,3406,29635],"class_list":["post-105016","post","type-post","status-publish","format-standard","has-post-thumbnail","hentry","category-noticias","tag-blog-com-mais-visualizacao","tag-blog-do-edvaldo-magalhaes","tag-blog-mais-acessado","tag-caruaru","tag-pre-carnaval-de-caruaru-tem-expectativa-de-movimentar-quase-10-milhoes-na-economia-local"],"_links":{"self":[{"href":"https:\/\/blogdoedvaldomagalhaes.com.br\/index.php\/wp-json\/wp\/v2\/posts\/105016","targetHints":{"allow":["GET"]}}],"collection":[{"href":"https:\/\/blogdoedvaldomagalhaes.com.br\/index.php\/wp-json\/wp\/v2\/posts"}],"about":[{"href":"https:\/\/blogdoedvaldomagalhaes.com.br\/index.php\/wp-json\/wp\/v2\/types\/post"}],"author":[{"embeddable":true,"href":"https:\/\/blogdoedvaldomagalhaes.com.br\/index.php\/wp-json\/wp\/v2\/users\/1"}],"replies":[{"embeddable":true,"href":"https:\/\/blogdoedvaldomagalhaes.com.br\/index.php\/wp-json\/wp\/v2\/comments?post=105016"}],"version-history":[{"count":1,"href":"https:\/\/blogdoedvaldomagalhaes.com.br\/index.php\/wp-json\/wp\/v2\/posts\/105016\/revisions"}],"predecessor-version":[{"id":105018,"href":"https:\/\/blogdoedvaldomagalhaes.com.br\/index.php\/wp-json\/wp\/v2\/posts\/105016\/revisions\/105018"}],"wp:featuredmedia":[{"embeddable":true,"href":"https:\/\/blogdoedvaldomagalhaes.com.br\/index.php\/wp-json\/wp\/v2\/media\/105017"}],"wp:attachment":[{"href":"https:\/\/blogdoedvaldomagalhaes.com.br\/index.php\/wp-json\/wp\/v2\/media?parent=105016"}],"wp:term":[{"taxonomy":"category","embeddable":true,"href":"https:\/\/blogdoedvaldomagalhaes.com.br\/index.php\/wp-json\/wp\/v2\/categories?post=105016"},{"taxonomy":"post_tag","embeddable":true,"href":"https:\/\/blogdoedvaldomagalhaes.com.br\/index.php\/wp-json\/wp\/v2\/tags?post=105016"}],"curies":[{"name":"wp","href":"https:\/\/api.w.org\/{rel}","templated":true}]}}