{"id":105013,"date":"2024-01-31T08:43:15","date_gmt":"2024-01-31T11:43:15","guid":{"rendered":"https:\/\/blogdoedvaldomagalhaes.com.br\/?p=105013"},"modified":"2024-01-31T08:43:16","modified_gmt":"2024-01-31T11:43:16","slug":"pm-debela-ponto-de-venda-de-drogas-e-prende-suspeitos-no-agreste","status":"publish","type":"post","link":"https:\/\/blogdoedvaldomagalhaes.com.br\/index.php\/2024\/01\/31\/pm-debela-ponto-de-venda-de-drogas-e-prende-suspeitos-no-agreste\/","title":{"rendered":"PM debela ponto de venda de drogas e prende suspeitos, no Agreste"},"content":{"rendered":"<p>Durante a Opera\u00e7\u00e3o Roda de Fogo, policiais militares do 24\u00ba BPM prenderam dois homens e apreenderam entorpecentes, na Rua Col\u00f4mbia, distrito de S\u00e3o Domingos, em Brejo da Madre de Deus.<\/p>\n<p>O efetivo realizava policiamento motorizado preventivo e ostensivo e visualizou a dupla em frente de uma casa. Eles mostraram nervosismo ao notar a presen\u00e7a da viatura e tentaram fugir para o interior da resid\u00eancia, mas acabaram alcan\u00e7ados, portando uma por\u00e7\u00e3o de maconha.<\/p>\n<p>Ao serem questionados sobre mais drogas, acabaram revelando o esconderijo, entre o gesso e o telhado da casa. L\u00e1, a equipe apreendeu 129g de coca\u00edna, 536g de maconha, uma balan\u00e7a de cozinha, um celular com queixa de roubo e R$ 300,00 em esp\u00e9cie.<\/p>\n<p>Os envolvidos e todo o material foram apresentados na Delegacia de Pol\u00edcia Civil de Santa Cruz do Capibaribe, para a tomada das provid\u00eancias legais cab\u00edveis. Foto: Divulga\u00e7\u00e3o<\/p>\n<p>Seja seguidor do Instagram do Blog @blogdoedvaldomagalhaes<\/p>\n","protected":false},"excerpt":{"rendered":"<p>Durante a Opera\u00e7\u00e3o Roda de Fogo, policiais militares do 24\u00ba BPM prenderam dois homens e apreenderam entorpecentes, na Rua Col\u00f4mbia,&hellip;<\/p>\n","protected":false},"author":1,"featured_media":105014,"comment_status":"closed","ping_status":"open","sticky":false,"template":"","format":"standard","meta":{"footnotes":""},"categories":[14121],"tags":[29440,2,28801,3406,29634],"class_list":["post-105013","post","type-post","status-publish","format-standard","has-post-thumbnail","hentry","category-policial","tag-blog-com-mais-visualizacao","tag-blog-do-edvaldo-magalhaes","tag-blog-mais-acessado","tag-caruaru","tag-pm-debela-ponto-de-venda-de-drogas-e-prende-suspeitos-no-agreste"],"_links":{"self":[{"href":"https:\/\/blogdoedvaldomagalhaes.com.br\/index.php\/wp-json\/wp\/v2\/posts\/105013","targetHints":{"allow":["GET"]}}],"collection":[{"href":"https:\/\/blogdoedvaldomagalhaes.com.br\/index.php\/wp-json\/wp\/v2\/posts"}],"about":[{"href":"https:\/\/blogdoedvaldomagalhaes.com.br\/index.php\/wp-json\/wp\/v2\/types\/post"}],"author":[{"embeddable":true,"href":"https:\/\/blogdoedvaldomagalhaes.com.br\/index.php\/wp-json\/wp\/v2\/users\/1"}],"replies":[{"embeddable":true,"href":"https:\/\/blogdoedvaldomagalhaes.com.br\/index.php\/wp-json\/wp\/v2\/comments?post=105013"}],"version-history":[{"count":1,"href":"https:\/\/blogdoedvaldomagalhaes.com.br\/index.php\/wp-json\/wp\/v2\/posts\/105013\/revisions"}],"predecessor-version":[{"id":105015,"href":"https:\/\/blogdoedvaldomagalhaes.com.br\/index.php\/wp-json\/wp\/v2\/posts\/105013\/revisions\/105015"}],"wp:featuredmedia":[{"embeddable":true,"href":"https:\/\/blogdoedvaldomagalhaes.com.br\/index.php\/wp-json\/wp\/v2\/media\/105014"}],"wp:attachment":[{"href":"https:\/\/blogdoedvaldomagalhaes.com.br\/index.php\/wp-json\/wp\/v2\/media?parent=105013"}],"wp:term":[{"taxonomy":"category","embeddable":true,"href":"https:\/\/blogdoedvaldomagalhaes.com.br\/index.php\/wp-json\/wp\/v2\/categories?post=105013"},{"taxonomy":"post_tag","embeddable":true,"href":"https:\/\/blogdoedvaldomagalhaes.com.br\/index.php\/wp-json\/wp\/v2\/tags?post=105013"}],"curies":[{"name":"wp","href":"https:\/\/api.w.org\/{rel}","templated":true}]}}