{"id":105006,"date":"2024-01-30T23:01:54","date_gmt":"2024-01-31T02:01:54","guid":{"rendered":"https:\/\/blogdoedvaldomagalhaes.com.br\/?p=105006"},"modified":"2024-01-30T23:27:34","modified_gmt":"2024-01-31T02:27:34","slug":"jovem-e-assassinado-e-outro-e-baleado-em-caruaru","status":"publish","type":"post","link":"https:\/\/blogdoedvaldomagalhaes.com.br\/index.php\/2024\/01\/30\/jovem-e-assassinado-e-outro-e-baleado-em-caruaru\/","title":{"rendered":"Jovem \u00e9 assassinado e outro \u00e9 baleado em Caruaru"},"content":{"rendered":"<p>Na noite desta ter\u00e7a-feira (30.01), um jovem ainda n\u00e3o identificado foi alvejado por disparos de arma de fogo no bairro S\u00e3o Francisco, sendo socorrido por policiais militares para o Hospital Regional do Agreste (HRA). Em seguida, \u00a0o jovem Isac Dominique Mathias da Silva (foto abaixo), de 19 anos de idade, tamb\u00e9m foi alvejado por disparos de arma de fogo e morreu na rua Capit\u00e3o Lemos, nas encostas do Monte Bom Jesus. O corpo ser\u00e1 encaminhado para o IML.<\/p>\n<p>Este foi o 9\u2022 homic\u00eddio no ano de 2024.<\/p>\n\n\n<figure class=\"wp-block-image size-full is-resized\"><img loading=\"lazy\" decoding=\"async\" width=\"465\" height=\"608\" src=\"https:\/\/blogdoedvaldomagalhaes.com.br\/wp-content\/uploads\/2024\/01\/b21a76fd-8fc1-4651-9ef6-fff6034a64bc.jpeg\" alt=\"\" class=\"wp-image-105010\" style=\"width:488px;height:auto\" srcset=\"https:\/\/blogdoedvaldomagalhaes.com.br\/wp-content\/uploads\/2024\/01\/b21a76fd-8fc1-4651-9ef6-fff6034a64bc.jpeg 465w, https:\/\/blogdoedvaldomagalhaes.com.br\/wp-content\/uploads\/2024\/01\/b21a76fd-8fc1-4651-9ef6-fff6034a64bc-229x300.jpeg 229w\" sizes=\"auto, (max-width: 465px) 100vw, 465px\" \/><\/figure>\n","protected":false},"excerpt":{"rendered":"<p>Na noite desta ter\u00e7a-feira (30.01), um jovem ainda n\u00e3o identificado foi alvejado por disparos de arma de fogo no bairro&hellip;<\/p>\n","protected":false},"author":1,"featured_media":105007,"comment_status":"closed","ping_status":"open","sticky":false,"template":"","format":"standard","meta":{"footnotes":""},"categories":[14121],"tags":[29440,2,28801,3406,5448],"class_list":["post-105006","post","type-post","status-publish","format-standard","has-post-thumbnail","hentry","category-policial","tag-blog-com-mais-visualizacao","tag-blog-do-edvaldo-magalhaes","tag-blog-mais-acessado","tag-caruaru","tag-homicidio"],"_links":{"self":[{"href":"https:\/\/blogdoedvaldomagalhaes.com.br\/index.php\/wp-json\/wp\/v2\/posts\/105006","targetHints":{"allow":["GET"]}}],"collection":[{"href":"https:\/\/blogdoedvaldomagalhaes.com.br\/index.php\/wp-json\/wp\/v2\/posts"}],"about":[{"href":"https:\/\/blogdoedvaldomagalhaes.com.br\/index.php\/wp-json\/wp\/v2\/types\/post"}],"author":[{"embeddable":true,"href":"https:\/\/blogdoedvaldomagalhaes.com.br\/index.php\/wp-json\/wp\/v2\/users\/1"}],"replies":[{"embeddable":true,"href":"https:\/\/blogdoedvaldomagalhaes.com.br\/index.php\/wp-json\/wp\/v2\/comments?post=105006"}],"version-history":[{"count":3,"href":"https:\/\/blogdoedvaldomagalhaes.com.br\/index.php\/wp-json\/wp\/v2\/posts\/105006\/revisions"}],"predecessor-version":[{"id":105012,"href":"https:\/\/blogdoedvaldomagalhaes.com.br\/index.php\/wp-json\/wp\/v2\/posts\/105006\/revisions\/105012"}],"wp:featuredmedia":[{"embeddable":true,"href":"https:\/\/blogdoedvaldomagalhaes.com.br\/index.php\/wp-json\/wp\/v2\/media\/105007"}],"wp:attachment":[{"href":"https:\/\/blogdoedvaldomagalhaes.com.br\/index.php\/wp-json\/wp\/v2\/media?parent=105006"}],"wp:term":[{"taxonomy":"category","embeddable":true,"href":"https:\/\/blogdoedvaldomagalhaes.com.br\/index.php\/wp-json\/wp\/v2\/categories?post=105006"},{"taxonomy":"post_tag","embeddable":true,"href":"https:\/\/blogdoedvaldomagalhaes.com.br\/index.php\/wp-json\/wp\/v2\/tags?post=105006"}],"curies":[{"name":"wp","href":"https:\/\/api.w.org\/{rel}","templated":true}]}}