{"id":105003,"date":"2024-01-30T22:19:15","date_gmt":"2024-01-31T01:19:15","guid":{"rendered":"https:\/\/blogdoedvaldomagalhaes.com.br\/?p=105003"},"modified":"2024-01-30T22:19:16","modified_gmt":"2024-01-31T01:19:16","slug":"governadora-raquel-lyra-e-ministro-waldez-goes-assinam-ordem-de-servico-para-concluir-a-barragem-panelas-ii","status":"publish","type":"post","link":"https:\/\/blogdoedvaldomagalhaes.com.br\/index.php\/2024\/01\/30\/governadora-raquel-lyra-e-ministro-waldez-goes-assinam-ordem-de-servico-para-concluir-a-barragem-panelas-ii\/","title":{"rendered":"Governadora Raquel Lyra e ministro Waldez G\u00f3es assinam ordem de servi\u00e7o para concluir a Barragem Panelas II"},"content":{"rendered":"<p><span style=\"font-size: revert;\">Obra estruturante para conter inunda\u00e7\u00f5es de munic\u00edpios na Zona da Mata Sul de Pernambuco, a Barragem Panelas II ter\u00e1 sua constru\u00e7\u00e3o retomada e conclu\u00edda pela gest\u00e3o estadual em parceria com o governo federal. Nesta ter\u00e7a-feira (30), na Prefeitura de Bel\u00e9m de Maria, a governadora Raquel Lyra e o ministro da Integra\u00e7\u00e3o e do Desenvolvimento Regional, Waldez G\u00f3es, assinaram a ordem de servi\u00e7o das obras de conclus\u00e3o da barragem. Antes, os gestores realizaram um sobrevoo e uma visita \u00e0 estrutura, que fica localizada no munic\u00edpio de Cupira, no Agreste. Esta ser\u00e1 a primeira entre quatro barragens a ser retomada para a conten\u00e7\u00e3o de enchentes na Zona da Mata Sul do Estado que tiveram as obras paralisadas h\u00e1 uma d\u00e9cada. A obra ter\u00e1 custo m\u00e1ximo de R$ 46 milh\u00f5es e o prazo para conclus\u00e3o \u00e9 de 12 meses. Na ocasi\u00e3o, a governadora tamb\u00e9m destacou que j\u00e1 est\u00e1 em curso o processo licitat\u00f3rio para contrata\u00e7\u00e3o da empresa de engenharia para conclus\u00e3o da constru\u00e7\u00e3o da Barragem de Gatos.<\/span><\/p>\n<p>\u201cNos comprometemos em retomar as obras de barragens em Pernambuco, um compromisso que h\u00e1 muitos anos a popula\u00e7\u00e3o da Mata Sul espera. E hoje estamos aqui celebrando essa ordem de servi\u00e7o, com dinheiro em caixa, para as obras. J\u00e1 est\u00e1 aberta a licita\u00e7\u00e3o para a Barragem de Gatos. Agrade\u00e7o a parceria com o governo federal, do presidente Lula, atrav\u00e9s do ministro Waldez, que vai permitir que o povo possa ter seguran\u00e7a h\u00eddrica de viver nos lugares onde desejam\u201d, destacou a governadora Raquel Lyra.<\/p>\n<p>O financiamento para a obra da Barragem Panelas II ser\u00e1 realizado atrav\u00e9s do Novo PAC. \u201cNos primeiros dias do governo Lula, a governadora Raquel j\u00e1 tratou essas obras como priorit\u00e1rias. Essa conten\u00e7\u00e3o \u00e9 muito importante para atender a popula\u00e7\u00e3o que sofre muito com os problemas da cheias. Em nome do presidente Lula, reafirmo o compromisso integrado ao povo de Pernambuco com as obras que foram priorizadas pela governadora Raquel\u201d, ressaltou o ministro Waldez G\u00f3es.<\/p>\n<p>Ap\u00f3s as chuvas do ano de 2010 que causaram inunda\u00e7\u00f5es e transbordamentos de rios, foi planejada a constru\u00e7\u00e3o do Sistema de Controle de Cheias dos Rios Una e Sirinha\u00e9m, composto por cinco barragens: Serro Azul, Panelas II, Gatos, Igarapeba e Barra de Guabiraba. Mas, somente a de Serro Azul foi conclu\u00edda, em 2017, e as demais tiveram as obras paralisadas entre 2014 e 2015.<\/p>\n<p>\u201cEsse \u00e9 um momento de muita emo\u00e7\u00e3o porque lutamos por essa obra h\u00e1 anos. \u00c9 o in\u00edcio de um novo tempo, de reduzir sensivelmente os riscos de inunda\u00e7\u00f5es das cidades da regi\u00e3o. E a governadora teve sensibilidade em ir atr\u00e1s dos recursos para as obras\u201d, frisou o secret\u00e1rio estadual de Recursos H\u00eddricos e Saneamento, Almir Cirilo.<\/p>\n<p>A Barragem Panelas II possui capacidade de acumula\u00e7\u00e3o de 16,9 milh\u00f5es de m\u00b3 de \u00e1gua e tem a finalidade principal de conten\u00e7\u00e3o das cheias dos rios Panelas e Una, beneficiando mais de 200 mil habitantes. O equipamento tamb\u00e9m poder\u00e1 ser utilizado para refor\u00e7ar o abastecimento dos munic\u00edpios de Panelas, Cupira e Lagoa dos Gatos.<\/p>\n<p>\u201cEssa \u00e9 uma obra esperada h\u00e1 tantos anos para a nossa cidade. \u00c9 um povo acolhedor e guerreiro que se ajudou durante as enchentes e agora vai ficar muito agradecido pela conclus\u00e3o dessa obra\u201d, disse o prefeito de Bel\u00e9m de Maria, Rolph Junior.<\/p>\n<p>Na 1\u00aa e 2\u00aa etapas do empreendimento foram investidos R$ 47,3 milh\u00f5es. A 3\u00aa Etapa, atual, que concluir\u00e1 as obras, receber\u00e1 investimentos que somam R$ 55,8 milh\u00f5es, com recursos do governo federal e execu\u00e7\u00e3o da Secretaria de Recursos H\u00eddricos e de Saneamento de Pernambuco. Al\u00e9m das obras civis, ser\u00e3o investidos mais R$ 20 milh\u00f5es em programas ambientais, de reflorestamento e de seguran\u00e7a de barragens. No momento, a barragem est\u00e1 com 50% das obras conclu\u00eddas.<\/p>\n<p>*Barragem de Gatos \u2013* At\u00e9 o m\u00eas de mar\u00e7o ser\u00e1 conclu\u00edda a licita\u00e7\u00e3o para a contrata\u00e7\u00e3o das obras de retomada da Barragem de Gatos. Localizada no munic\u00edpio de Lagoa dos Gatos, o equipamento ter\u00e1 finalidade principal de conten\u00e7\u00e3o de cheias no Riacho dos Gatos, beneficiando os munic\u00edpios de Bel\u00e9m de Maria, \u00c1gua Preta, Palmares e Barreiros. A previs\u00e3o \u00e9 de in\u00edcio das obras ainda no primeiro semestre de 2024 e o prazo de execu\u00e7\u00e3o das obras \u00e9 de 12 meses. A Barragem de Gatos, que tem capacidade de acumula\u00e7\u00e3o de 5,93 milh\u00f5es m\u00b3 de \u00e1gua, teve sua constru\u00e7\u00e3o iniciada em gest\u00f5es passadas e paralisada, estando 20% executada.<\/p>\n<p>Os projetos de conclus\u00e3o das obras das barragens Igarapeba e Barra de Guabiraba est\u00e3o em fase de atualiza\u00e7\u00e3o.<\/p>\n<p>Estiveram presentes no evento o secret\u00e1rio Nacional de Seguran\u00e7a Hidr\u00edca, Giuseppe Vieira; o deputado federal Pedro Campos; os deputados estaduais Eriberto Filho, France Hacker, Henrique Queiroz Filho, Jo\u00e3ozinho Ten\u00f3rio e Sileno Guedes; os secret\u00e1rios estaduais T\u00falio Vila\u00e7a (Casa Civil) e Rodolfo Costa Pinto (Comunica\u00e7\u00e3o); os prefeitos J\u00fanior Amorim (S\u00e3o Benedito do Sul), Bal de Mimoso (Pesqueira), Pit\u00e9 (Quipap\u00e1), Ridete Pellegrino (Jaqueira), Orlando Jos\u00e9 (Altinho), Dona Gra\u00e7a (Catende), Neto Cavalcanti (\u00c1gua Preta), J\u00fanior de Beto (Palmares), F\u00e1tima Borba (Cort\u00eas), Eduardo Lira (Cupira, em exerc\u00edcio), St\u00eanio (Lagoa dos Gatos), Marlos Henrique (Maraial) e Ruben Lima (Panelas); al\u00e9m de vereadores e lideran\u00e7as da regi\u00e3o.<\/p>\n<p>Foto: \u00a0Jana\u00edna Pepeu\/Secom<\/p>\n<p>Seja seguidor do Instagram do Blog @blogdoedvaldomagalhaes<\/p>\n","protected":false},"excerpt":{"rendered":"<p>Obra estruturante para conter inunda\u00e7\u00f5es de munic\u00edpios na Zona da Mata Sul de Pernambuco, a Barragem Panelas II ter\u00e1 sua&hellip;<\/p>\n","protected":false},"author":1,"featured_media":105004,"comment_status":"closed","ping_status":"open","sticky":false,"template":"","format":"standard","meta":{"footnotes":""},"categories":[14122],"tags":[29440,2,28801,3406,29633,20295],"class_list":["post-105003","post","type-post","status-publish","format-standard","has-post-thumbnail","hentry","category-politica","tag-blog-com-mais-visualizacao","tag-blog-do-edvaldo-magalhaes","tag-blog-mais-acessado","tag-caruaru","tag-governadora-raquel-lyra-e-ministro-waldez-goes-assinam-ordem-de-servico-para-concluir-a-barragem-panelas-ii","tag-politica-2"],"_links":{"self":[{"href":"https:\/\/blogdoedvaldomagalhaes.com.br\/index.php\/wp-json\/wp\/v2\/posts\/105003","targetHints":{"allow":["GET"]}}],"collection":[{"href":"https:\/\/blogdoedvaldomagalhaes.com.br\/index.php\/wp-json\/wp\/v2\/posts"}],"about":[{"href":"https:\/\/blogdoedvaldomagalhaes.com.br\/index.php\/wp-json\/wp\/v2\/types\/post"}],"author":[{"embeddable":true,"href":"https:\/\/blogdoedvaldomagalhaes.com.br\/index.php\/wp-json\/wp\/v2\/users\/1"}],"replies":[{"embeddable":true,"href":"https:\/\/blogdoedvaldomagalhaes.com.br\/index.php\/wp-json\/wp\/v2\/comments?post=105003"}],"version-history":[{"count":1,"href":"https:\/\/blogdoedvaldomagalhaes.com.br\/index.php\/wp-json\/wp\/v2\/posts\/105003\/revisions"}],"predecessor-version":[{"id":105005,"href":"https:\/\/blogdoedvaldomagalhaes.com.br\/index.php\/wp-json\/wp\/v2\/posts\/105003\/revisions\/105005"}],"wp:featuredmedia":[{"embeddable":true,"href":"https:\/\/blogdoedvaldomagalhaes.com.br\/index.php\/wp-json\/wp\/v2\/media\/105004"}],"wp:attachment":[{"href":"https:\/\/blogdoedvaldomagalhaes.com.br\/index.php\/wp-json\/wp\/v2\/media?parent=105003"}],"wp:term":[{"taxonomy":"category","embeddable":true,"href":"https:\/\/blogdoedvaldomagalhaes.com.br\/index.php\/wp-json\/wp\/v2\/categories?post=105003"},{"taxonomy":"post_tag","embeddable":true,"href":"https:\/\/blogdoedvaldomagalhaes.com.br\/index.php\/wp-json\/wp\/v2\/tags?post=105003"}],"curies":[{"name":"wp","href":"https:\/\/api.w.org\/{rel}","templated":true}]}}