{"id":104952,"date":"2024-01-29T20:39:35","date_gmt":"2024-01-29T23:39:35","guid":{"rendered":"https:\/\/blogdoedvaldomagalhaes.com.br\/?p=104952"},"modified":"2024-01-29T20:45:31","modified_gmt":"2024-01-29T23:45:31","slug":"maquina-atinge-tubulacao-de-grande-porte-do-sistema-jucazinho-e-compesa-faz-servicos-de-reparo","status":"publish","type":"post","link":"https:\/\/blogdoedvaldomagalhaes.com.br\/index.php\/2024\/01\/29\/maquina-atinge-tubulacao-de-grande-porte-do-sistema-jucazinho-e-compesa-faz-servicos-de-reparo\/","title":{"rendered":"M\u00e1quina atinge tubula\u00e7\u00e3o de grande porte do Sistema Jucazinho e Compesa faz servi\u00e7os de reparo"},"content":{"rendered":"<p>A Compesa identificou um vazamento em trecho da Adutora de Jucazinho, \u00e0s margens da PE-95, no munic\u00edpio de Riacho das Almas, na manh\u00e3 desta segunda-feira (29), provocado por m\u00e1quina de propriedade desconhecida. A tubula\u00e7\u00e3o atingida \u00e9 de grande porte, de 900 mm, e pertence ao Tramo Sul do Sistema Jucazinho. Assim que a Companhia foi informada por um morador da localidade sobre o rompimento da tubula\u00e7\u00e3o, t\u00e9cnicos fecharam os registros para conter o fluxo da \u00e1gua e adotaram os procedimentos para os servi\u00e7os de reparo em \u00e1rea de dif\u00edcil acesso. As equipes j\u00e1 conseguiram chegar ao local, onde est\u00e3o executando os servi\u00e7os de manuten\u00e7\u00e3o da adutora.<\/p>\n<p>Em virtude da necessidade das interven\u00e7\u00f5es, foi suspenso o abastecimento na cidade de Riacho das Almas e no distrito de Ameixas (Cumaru). Houve, tamb\u00e9m, a redu\u00e7\u00e3o de 40% na vaz\u00e3o de distribui\u00e7\u00e3o para a cidade de Bezerros, o distrito de Insurrei\u00e7\u00e3o (Sair\u00e9), os loteamentos Santana, Ch\u00e1cara Veraneio e Alto Gravat\u00e1, o Assentamento Santo Ant\u00f4nio e o s\u00edtio Volta do Rio, na cidade de Gravat\u00e1.<\/p>\n<p>J\u00e1 em Caruaru, que tamb\u00e9m recebe \u00e1gua do Tramo Sul do Sistema Jucazinho, o abastecimento foi temporariamente suspenso nos bairros Salgado e S\u00e3o Jo\u00e3o da Esc\u00f3cia (parte alta), Jos\u00e9 Liberato, Lagoa de Algod\u00e3o, Luiz Gonzaga, Neuza Garcia, Morada Nova, Rendeiras e Gon\u00e7alves Ferreira (parte baixa), Fernando Lira, Portal do Sol, Rafael (lado Rei das Coxinhas), Cachoeira Seca, Jacar\u00e9 Grande, Contendas (sem terras), Juriti, Lagoa Ro\u00e7ada, Veada Morta, Ju\u00e1, S\u00edtio Macambira de Lajes e Riacho Doce.<\/p>\n<p>A Compesa informa que j\u00e1 concluiu os servi\u00e7os de reparo da Adutora de Jucazinho. A previs\u00e3o inicial seria concluir os trabalhos amanh\u00e3, \u00e0s 18h, mas os t\u00e9cnicos conseguiram antecipar a finaliza\u00e7\u00e3o para hoje. A opera\u00e7\u00e3o do sistema j\u00e1 foi retomada e a distribui\u00e7\u00e3o de \u00e1gua ser\u00e1 normalizada gradativamente.<br \/>\nFoto: Blog do Edvaldo Magalh\u00e3es<\/p>\n<p>Seja seguidor do Instagram do Blog @blogdoedvaldomagalhaes<\/p>\n","protected":false},"excerpt":{"rendered":"<p>A Compesa identificou um vazamento em trecho da Adutora de Jucazinho, \u00e0s margens da PE-95, no munic\u00edpio de Riacho das&hellip;<\/p>\n","protected":false},"author":1,"featured_media":104950,"comment_status":"closed","ping_status":"open","sticky":false,"template":"","format":"standard","meta":{"footnotes":""},"categories":[14120],"tags":[29440,2,28801,3406],"class_list":["post-104952","post","type-post","status-publish","format-standard","has-post-thumbnail","hentry","category-noticias","tag-blog-com-mais-visualizacao","tag-blog-do-edvaldo-magalhaes","tag-blog-mais-acessado","tag-caruaru"],"_links":{"self":[{"href":"https:\/\/blogdoedvaldomagalhaes.com.br\/index.php\/wp-json\/wp\/v2\/posts\/104952","targetHints":{"allow":["GET"]}}],"collection":[{"href":"https:\/\/blogdoedvaldomagalhaes.com.br\/index.php\/wp-json\/wp\/v2\/posts"}],"about":[{"href":"https:\/\/blogdoedvaldomagalhaes.com.br\/index.php\/wp-json\/wp\/v2\/types\/post"}],"author":[{"embeddable":true,"href":"https:\/\/blogdoedvaldomagalhaes.com.br\/index.php\/wp-json\/wp\/v2\/users\/1"}],"replies":[{"embeddable":true,"href":"https:\/\/blogdoedvaldomagalhaes.com.br\/index.php\/wp-json\/wp\/v2\/comments?post=104952"}],"version-history":[{"count":2,"href":"https:\/\/blogdoedvaldomagalhaes.com.br\/index.php\/wp-json\/wp\/v2\/posts\/104952\/revisions"}],"predecessor-version":[{"id":104955,"href":"https:\/\/blogdoedvaldomagalhaes.com.br\/index.php\/wp-json\/wp\/v2\/posts\/104952\/revisions\/104955"}],"wp:featuredmedia":[{"embeddable":true,"href":"https:\/\/blogdoedvaldomagalhaes.com.br\/index.php\/wp-json\/wp\/v2\/media\/104950"}],"wp:attachment":[{"href":"https:\/\/blogdoedvaldomagalhaes.com.br\/index.php\/wp-json\/wp\/v2\/media?parent=104952"}],"wp:term":[{"taxonomy":"category","embeddable":true,"href":"https:\/\/blogdoedvaldomagalhaes.com.br\/index.php\/wp-json\/wp\/v2\/categories?post=104952"},{"taxonomy":"post_tag","embeddable":true,"href":"https:\/\/blogdoedvaldomagalhaes.com.br\/index.php\/wp-json\/wp\/v2\/tags?post=104952"}],"curies":[{"name":"wp","href":"https:\/\/api.w.org\/{rel}","templated":true}]}}