{"id":104946,"date":"2024-01-29T19:00:20","date_gmt":"2024-01-29T22:00:20","guid":{"rendered":"https:\/\/blogdoedvaldomagalhaes.com.br\/?p=104946"},"modified":"2024-01-29T19:00:21","modified_gmt":"2024-01-29T22:00:21","slug":"prefeito-rodrigo-pinheiro-reforca-importancia-das-atuacoes-dos-gestores-escolares-na-jornada-pedagogica-2024","status":"publish","type":"post","link":"https:\/\/blogdoedvaldomagalhaes.com.br\/index.php\/2024\/01\/29\/prefeito-rodrigo-pinheiro-reforca-importancia-das-atuacoes-dos-gestores-escolares-na-jornada-pedagogica-2024\/","title":{"rendered":"Prefeito Rodrigo Pinheiro refor\u00e7a import\u00e2ncia das atua\u00e7\u00f5es dos gestores escolares na Jornada Pedag\u00f3gica 2024"},"content":{"rendered":"<p><span style=\"font-size: revert;\">\u201cFicamos felizes em contarmos na rede municipal de ensino com profissionais qualificados e comprometidos para com o desenvolvimento no aprendizado do bem mais precioso de todos: os nossos filhos estudantes. Renovamos aqui o nosso compromisso com todos voc\u00eas para fazermos um 2024 marcante no setor da Educa\u00e7\u00e3o\u201d. Foram com essas palavras que o prefeito de Caruaru, Rodrigo Pinheiro, cumprimentou os cerca de 100 gestores escolares, que est\u00e3o participando da Jornada Pedag\u00f3gica 2024, desta segunda (29) at\u00e9 a ter\u00e7a-feira (30), no audit\u00f3rio da Secretaria Municipal de Educa\u00e7\u00e3o e Esportes, no bairro Petr\u00f3polis.<\/span><\/p>\n<p>Ela \u00e9 uma a\u00e7\u00e3o do programa de Forma\u00e7\u00e3o de Gestores Escolares da Rede Municipal de Ensino de Caruaru (Gestar), com o objetivo de aproximar ainda mais os gestores escolares dos processos pedag\u00f3gicos e administrativos em conson\u00e2ncia com a pol\u00edtica educacional do sistema municipal de ensino da Capital do Agreste. Est\u00e3o participando da Jornada, gestores dos Centros Municipais de Educa\u00e7\u00e3o Infantil, bem como das escolas regulares, de Tempo Integral e de Jovens e Adultos,<\/p>\n<p>Com o tema: \u201cAs dimens\u00f5es da gest\u00e3o escolar: os desafios para uma educa\u00e7\u00e3o equitativa e de qualidade para todos\u201d, a iniciativa vem desenvolvendo palestras e grupos de estudos com a participa\u00e7\u00e3o, a exemplo da gestora Amanda Flor\u00eancio, da ETI Prefeito Jo\u00e3o Lyra Filho, que deixou o seu elogio. \u201cEste momento tem sido crucial para fortalecermos as equipes escolares quanto aos avan\u00e7os e desafios a serem vivenciados neste ano letivo 2024. N\u00e3o temos d\u00favidas de quanto mais capacitados poderemos oferecer um ensino de melhor qualidade a todos os estudantes\u201d.<\/p>\n<p>As aulas na rede municipal de ensino \u2013 composta por 104 escolas, 31 CMEIs e 9 ETIs &#8211; iniciam, na pr\u00f3xima segunda-feira (05), contemplando mais de 50 mil estudantes. Para a secret\u00e1ria de Educa\u00e7\u00e3o e Esportes de Caruaru, Aline Tiburcio, a Jornada Pedag\u00f3gica vem a se somar \u00e0 s\u00e9rie de investimentos na Educa\u00e7\u00e3o que tem sido posta em pr\u00e1tica no governo Rodrigo Pinheiro. \u201cEle \u00e9 um gestor que olha a Educa\u00e7\u00e3o de uma forma diferente. Est\u00e1 sempre dialogando com todos para fazer o melhor para os estudantes e esta Jornada representa mais uma grande a\u00e7\u00e3o de seu governo ao fortalecer as atua\u00e7\u00f5es de todos os educadores participantes\u201d. <span style=\"font-size: revert;\">Foto: Divulga\u00e7\u00e3o\/Secom<\/span><\/p>\n<p>Seja seguidor do Instagram do Blog @blogdoedvaldomagalhaes<\/p>\n","protected":false},"excerpt":{"rendered":"<p>\u201cFicamos felizes em contarmos na rede municipal de ensino com profissionais qualificados e comprometidos para com o desenvolvimento no aprendizado&hellip;<\/p>\n","protected":false},"author":1,"featured_media":104947,"comment_status":"closed","ping_status":"open","sticky":false,"template":"","format":"standard","meta":{"footnotes":""},"categories":[14122],"tags":[29440,2,28801,3406,20295],"class_list":["post-104946","post","type-post","status-publish","format-standard","has-post-thumbnail","hentry","category-politica","tag-blog-com-mais-visualizacao","tag-blog-do-edvaldo-magalhaes","tag-blog-mais-acessado","tag-caruaru","tag-politica-2"],"_links":{"self":[{"href":"https:\/\/blogdoedvaldomagalhaes.com.br\/index.php\/wp-json\/wp\/v2\/posts\/104946","targetHints":{"allow":["GET"]}}],"collection":[{"href":"https:\/\/blogdoedvaldomagalhaes.com.br\/index.php\/wp-json\/wp\/v2\/posts"}],"about":[{"href":"https:\/\/blogdoedvaldomagalhaes.com.br\/index.php\/wp-json\/wp\/v2\/types\/post"}],"author":[{"embeddable":true,"href":"https:\/\/blogdoedvaldomagalhaes.com.br\/index.php\/wp-json\/wp\/v2\/users\/1"}],"replies":[{"embeddable":true,"href":"https:\/\/blogdoedvaldomagalhaes.com.br\/index.php\/wp-json\/wp\/v2\/comments?post=104946"}],"version-history":[{"count":1,"href":"https:\/\/blogdoedvaldomagalhaes.com.br\/index.php\/wp-json\/wp\/v2\/posts\/104946\/revisions"}],"predecessor-version":[{"id":104948,"href":"https:\/\/blogdoedvaldomagalhaes.com.br\/index.php\/wp-json\/wp\/v2\/posts\/104946\/revisions\/104948"}],"wp:featuredmedia":[{"embeddable":true,"href":"https:\/\/blogdoedvaldomagalhaes.com.br\/index.php\/wp-json\/wp\/v2\/media\/104947"}],"wp:attachment":[{"href":"https:\/\/blogdoedvaldomagalhaes.com.br\/index.php\/wp-json\/wp\/v2\/media?parent=104946"}],"wp:term":[{"taxonomy":"category","embeddable":true,"href":"https:\/\/blogdoedvaldomagalhaes.com.br\/index.php\/wp-json\/wp\/v2\/categories?post=104946"},{"taxonomy":"post_tag","embeddable":true,"href":"https:\/\/blogdoedvaldomagalhaes.com.br\/index.php\/wp-json\/wp\/v2\/tags?post=104946"}],"curies":[{"name":"wp","href":"https:\/\/api.w.org\/{rel}","templated":true}]}}