{"id":104497,"date":"2024-01-15T11:15:20","date_gmt":"2024-01-15T14:15:20","guid":{"rendered":"https:\/\/blogdoedvaldomagalhaes.com.br\/?p=104497"},"modified":"2024-01-15T11:15:21","modified_gmt":"2024-01-15T14:15:21","slug":"casal-preso-com-arma-e-municoes-em-bloco-de-carnaval","status":"publish","type":"post","link":"https:\/\/blogdoedvaldomagalhaes.com.br\/index.php\/2024\/01\/15\/casal-preso-com-arma-e-municoes-em-bloco-de-carnaval\/","title":{"rendered":"Casal preso com arma e muni\u00e7\u00f5es em bloco de carnaval"},"content":{"rendered":"<p>Durante patrulhamento no bloco BSW, policiais militares do 12\u00ba BPM foram alertados por foli\u00f5es sobre a presen\u00e7a de suspeitos portando arma de fogo no desfile, que ocorria na Avenida Afonso Olindense, na V\u00e1rzea.<\/p>\n<p>Um homem foi abordado e com ele apreendido um rev\u00f3lver calibre .38, contendo seis muni\u00e7\u00f5es. Ele explicou que adquiriu a arma para se defender, pois est\u00e1 recebendo amea\u00e7as de morte.<\/p>\n<p>A esposa dele, que o acompanhava, tamb\u00e9m foi revistada e com ela foram encontradas mais seis muni\u00e7\u00f5es. Dessa forma, o casal foi apresentado na Central de Plant\u00f5es da Capital, para ado\u00e7\u00e3o das medidas legais cab\u00edveis. Foto: Divulga\u00e7\u00e3o\/PMPE<\/p>\n<p>Seja seguidor do Instagram do Blog @blogdoedvaldmagalhaes<\/p>\n","protected":false},"excerpt":{"rendered":"<p>Durante patrulhamento no bloco BSW, policiais militares do 12\u00ba BPM foram alertados por foli\u00f5es sobre a presen\u00e7a de suspeitos portando&hellip;<\/p>\n","protected":false},"author":1,"featured_media":104498,"comment_status":"closed","ping_status":"open","sticky":false,"template":"","format":"standard","meta":{"footnotes":""},"categories":[14121],"tags":[29440,2,28801,3406,29530],"class_list":["post-104497","post","type-post","status-publish","format-standard","has-post-thumbnail","hentry","category-policial","tag-blog-com-mais-visualizacao","tag-blog-do-edvaldo-magalhaes","tag-blog-mais-acessado","tag-caruaru","tag-casal-preso-com-arma-e-municoes-em-bloco-de-carnaval"],"_links":{"self":[{"href":"https:\/\/blogdoedvaldomagalhaes.com.br\/index.php\/wp-json\/wp\/v2\/posts\/104497","targetHints":{"allow":["GET"]}}],"collection":[{"href":"https:\/\/blogdoedvaldomagalhaes.com.br\/index.php\/wp-json\/wp\/v2\/posts"}],"about":[{"href":"https:\/\/blogdoedvaldomagalhaes.com.br\/index.php\/wp-json\/wp\/v2\/types\/post"}],"author":[{"embeddable":true,"href":"https:\/\/blogdoedvaldomagalhaes.com.br\/index.php\/wp-json\/wp\/v2\/users\/1"}],"replies":[{"embeddable":true,"href":"https:\/\/blogdoedvaldomagalhaes.com.br\/index.php\/wp-json\/wp\/v2\/comments?post=104497"}],"version-history":[{"count":1,"href":"https:\/\/blogdoedvaldomagalhaes.com.br\/index.php\/wp-json\/wp\/v2\/posts\/104497\/revisions"}],"predecessor-version":[{"id":104499,"href":"https:\/\/blogdoedvaldomagalhaes.com.br\/index.php\/wp-json\/wp\/v2\/posts\/104497\/revisions\/104499"}],"wp:featuredmedia":[{"embeddable":true,"href":"https:\/\/blogdoedvaldomagalhaes.com.br\/index.php\/wp-json\/wp\/v2\/media\/104498"}],"wp:attachment":[{"href":"https:\/\/blogdoedvaldomagalhaes.com.br\/index.php\/wp-json\/wp\/v2\/media?parent=104497"}],"wp:term":[{"taxonomy":"category","embeddable":true,"href":"https:\/\/blogdoedvaldomagalhaes.com.br\/index.php\/wp-json\/wp\/v2\/categories?post=104497"},{"taxonomy":"post_tag","embeddable":true,"href":"https:\/\/blogdoedvaldomagalhaes.com.br\/index.php\/wp-json\/wp\/v2\/tags?post=104497"}],"curies":[{"name":"wp","href":"https:\/\/api.w.org\/{rel}","templated":true}]}}