{"id":104491,"date":"2024-01-15T08:15:16","date_gmt":"2024-01-15T11:15:16","guid":{"rendered":"https:\/\/blogdoedvaldomagalhaes.com.br\/?p=104491"},"modified":"2024-01-15T08:15:16","modified_gmt":"2024-01-15T11:15:16","slug":"caruaru-firma-parceria-com-bezerros-para-trazer-os-tradicionais-papangus-para-o-pre-carnaval-multicultural","status":"publish","type":"post","link":"https:\/\/blogdoedvaldomagalhaes.com.br\/index.php\/2024\/01\/15\/caruaru-firma-parceria-com-bezerros-para-trazer-os-tradicionais-papangus-para-o-pre-carnaval-multicultural\/","title":{"rendered":"Caruaru firma parceria com Bezerros para trazer os tradicionais Papangus para o Pr\u00e9-Carnaval Multicultural"},"content":{"rendered":"<p>A Prefeitura de Caruaru, por meio da Funda\u00e7\u00e3o de Cultura (FCC), firmou uma parceria com Bezerros, munic\u00edpio vizinho, para trazer, de forma gratuita, os tradicionais Papangus para o Pr\u00e9-Carnaval Multicultural, que ser\u00e1 realizado nos dias 2 e 3 de fevereiro. <\/p>\n<p>Esta parceria foi firmada durante uma reuni\u00e3o realizada na Secretaria de Turismo e Cultura de Bezerros. Participaram do encontro o presidente da FCC, o vice e o secret\u00e1rio executivo, H\u00e9rlon Cavalcanti, M\u00e1rcio Santos e Walter Lopes, respectivamente, al\u00e9m da secret\u00e1ria de Turismo e Cultura da Terra dos Papangus, Nath\u00e1lya Rodrigues, ao lado da sua equipe.  <\/p>\n<p>\u201cOs Papangus s\u00e3o a cara do Carnaval de Bezerros, que j\u00e1 \u00e9 bastante tradicional na nossa regi\u00e3o. \u00c9 importante fazermos essa parceria entre Bezerros e Caruaru para trazermos ainda mais frevo para o nosso Pr\u00e9-Carnaval Multicultural, que vem crescendo ano ap\u00f3s ano\u201d, disse o presidente da Funda\u00e7\u00e3o, H\u00e9rlon Cavalcanti. <\/p>\n<p>Com esta parceria, um grupo de Papangus vir\u00e1 de Bezerros para Caruaru no s\u00e1bado (3) para animar todas as pessoas que vierem aproveitar a festa durante o Pr\u00e9-Carnaval Multicultural. A programa\u00e7\u00e3o completa do evento ser\u00e1 divulgada em breve. Foto: Joalline Nascimento\/Secom\/PMC.<\/p>\n<p>Seja seguidor do Instagram do Blog @blogdoedvaldomagalhaes<\/p>\n","protected":false},"excerpt":{"rendered":"<p>A Prefeitura de Caruaru, por meio da Funda\u00e7\u00e3o de Cultura (FCC), firmou uma parceria com Bezerros, munic\u00edpio vizinho, para trazer,&hellip;<\/p>\n","protected":false},"author":1,"featured_media":104492,"comment_status":"closed","ping_status":"open","sticky":false,"template":"","format":"standard","meta":{"footnotes":""},"categories":[14120],"tags":[29440,2,28801,3406,29528],"class_list":["post-104491","post","type-post","status-publish","format-standard","has-post-thumbnail","hentry","category-noticias","tag-blog-com-mais-visualizacao","tag-blog-do-edvaldo-magalhaes","tag-blog-mais-acessado","tag-caruaru","tag-caruaru-firma-parceria-com-bezerros-para-trazer-os-tradicionais-papangus-para-o-pre-carnaval-multicultural"],"_links":{"self":[{"href":"https:\/\/blogdoedvaldomagalhaes.com.br\/index.php\/wp-json\/wp\/v2\/posts\/104491","targetHints":{"allow":["GET"]}}],"collection":[{"href":"https:\/\/blogdoedvaldomagalhaes.com.br\/index.php\/wp-json\/wp\/v2\/posts"}],"about":[{"href":"https:\/\/blogdoedvaldomagalhaes.com.br\/index.php\/wp-json\/wp\/v2\/types\/post"}],"author":[{"embeddable":true,"href":"https:\/\/blogdoedvaldomagalhaes.com.br\/index.php\/wp-json\/wp\/v2\/users\/1"}],"replies":[{"embeddable":true,"href":"https:\/\/blogdoedvaldomagalhaes.com.br\/index.php\/wp-json\/wp\/v2\/comments?post=104491"}],"version-history":[{"count":1,"href":"https:\/\/blogdoedvaldomagalhaes.com.br\/index.php\/wp-json\/wp\/v2\/posts\/104491\/revisions"}],"predecessor-version":[{"id":104493,"href":"https:\/\/blogdoedvaldomagalhaes.com.br\/index.php\/wp-json\/wp\/v2\/posts\/104491\/revisions\/104493"}],"wp:featuredmedia":[{"embeddable":true,"href":"https:\/\/blogdoedvaldomagalhaes.com.br\/index.php\/wp-json\/wp\/v2\/media\/104492"}],"wp:attachment":[{"href":"https:\/\/blogdoedvaldomagalhaes.com.br\/index.php\/wp-json\/wp\/v2\/media?parent=104491"}],"wp:term":[{"taxonomy":"category","embeddable":true,"href":"https:\/\/blogdoedvaldomagalhaes.com.br\/index.php\/wp-json\/wp\/v2\/categories?post=104491"},{"taxonomy":"post_tag","embeddable":true,"href":"https:\/\/blogdoedvaldomagalhaes.com.br\/index.php\/wp-json\/wp\/v2\/tags?post=104491"}],"curies":[{"name":"wp","href":"https:\/\/api.w.org\/{rel}","templated":true}]}}