{"id":104484,"date":"2024-01-13T19:17:22","date_gmt":"2024-01-13T22:17:22","guid":{"rendered":"https:\/\/blogdoedvaldomagalhaes.com.br\/?p=104484"},"modified":"2024-01-13T19:17:23","modified_gmt":"2024-01-13T22:17:23","slug":"central-e-afogados-tera-bloqueio-de-ruas-e-avenidas-em-caruaru-neste-domingo-14","status":"publish","type":"post","link":"https:\/\/blogdoedvaldomagalhaes.com.br\/index.php\/2024\/01\/13\/central-e-afogados-tera-bloqueio-de-ruas-e-avenidas-em-caruaru-neste-domingo-14\/","title":{"rendered":"Central e Afogados ter\u00e1 bloqueio de ruas e avenidas em Caruaru, neste domingo (14)"},"content":{"rendered":"<p>A Autarquia de Mobilidade, Tr\u00e2nsito e Transportes de Caruaru (AMTTC) informa que, neste domingo (14) algumas ruas e avenidas no entorno do est\u00e1dio Lacerd\u00e3o estar\u00e3o bloqueadas a partir das 16h30. O objetivo da interdi\u00e7\u00e3o \u00e9 facilitar a chegada e sa\u00edda do torcedor que vai assistir \u00e0 partida entre Central x Afogados, v\u00e1lido pela 1\u00aa rodada do Campeonato Pernambucano.<\/p>\n<p>As ruas e avenidas bloqueadas ser\u00e3o: rua Campo Sales (da esquina com a avenida Agamenon Magalh\u00e3es at\u00e9 a esquina com a rua S\u00e3o Paulo), avenida Agamenon Magalh\u00e3es (do cruzamento com as ruas Riachuelo e Gon\u00e7alves Dias, at\u00e9 o cruzamento com a avenida Professor Jos\u00e9 Le\u00e3o) e avenida Professor Jos\u00e9 Le\u00e3o (da esquina com a avenida Agamenon Magalh\u00e3es at\u00e9 a pra\u00e7a Artur Peixoto).<\/p>\n<p>O tr\u00e2nsito no local tamb\u00e9m ser\u00e1 alterado. A faixa da avenida Agamenon Magalh\u00e3es, sentido BR 104\/Centro, ter\u00e1 seu fluxo desviado pela rua Riachuelo e rua Visconde de Inha\u00fama. J\u00e1 quem vem da avenida Professor Jos\u00e9 Le\u00e3o n\u00e3o poder\u00e1 seguir em frente, sentido Pra\u00e7a Artur Peixoto, o condutor dever\u00e1 acessar a avenida Agamenon Magalh\u00e3es. Foto: Reprodu\u00e7\u00e3o.<\/p>\n<p>Seja seguidor do Instagram do Blog @blogdoedvaldomagalhaes<\/p>\n","protected":false},"excerpt":{"rendered":"<p>A Autarquia de Mobilidade, Tr\u00e2nsito e Transportes de Caruaru (AMTTC) informa que, neste domingo (14) algumas ruas e avenidas no&hellip;<\/p>\n","protected":false},"author":1,"featured_media":104485,"comment_status":"closed","ping_status":"open","sticky":false,"template":"","format":"standard","meta":{"footnotes":""},"categories":[14120],"tags":[29440,2,28801,3406,29526],"class_list":["post-104484","post","type-post","status-publish","format-standard","has-post-thumbnail","hentry","category-noticias","tag-blog-com-mais-visualizacao","tag-blog-do-edvaldo-magalhaes","tag-blog-mais-acessado","tag-caruaru","tag-central-e-afogados-tera-bloqueio-de-ruas-e-avenidas-em-caruaru-neste-domingo-14"],"_links":{"self":[{"href":"https:\/\/blogdoedvaldomagalhaes.com.br\/index.php\/wp-json\/wp\/v2\/posts\/104484","targetHints":{"allow":["GET"]}}],"collection":[{"href":"https:\/\/blogdoedvaldomagalhaes.com.br\/index.php\/wp-json\/wp\/v2\/posts"}],"about":[{"href":"https:\/\/blogdoedvaldomagalhaes.com.br\/index.php\/wp-json\/wp\/v2\/types\/post"}],"author":[{"embeddable":true,"href":"https:\/\/blogdoedvaldomagalhaes.com.br\/index.php\/wp-json\/wp\/v2\/users\/1"}],"replies":[{"embeddable":true,"href":"https:\/\/blogdoedvaldomagalhaes.com.br\/index.php\/wp-json\/wp\/v2\/comments?post=104484"}],"version-history":[{"count":1,"href":"https:\/\/blogdoedvaldomagalhaes.com.br\/index.php\/wp-json\/wp\/v2\/posts\/104484\/revisions"}],"predecessor-version":[{"id":104486,"href":"https:\/\/blogdoedvaldomagalhaes.com.br\/index.php\/wp-json\/wp\/v2\/posts\/104484\/revisions\/104486"}],"wp:featuredmedia":[{"embeddable":true,"href":"https:\/\/blogdoedvaldomagalhaes.com.br\/index.php\/wp-json\/wp\/v2\/media\/104485"}],"wp:attachment":[{"href":"https:\/\/blogdoedvaldomagalhaes.com.br\/index.php\/wp-json\/wp\/v2\/media?parent=104484"}],"wp:term":[{"taxonomy":"category","embeddable":true,"href":"https:\/\/blogdoedvaldomagalhaes.com.br\/index.php\/wp-json\/wp\/v2\/categories?post=104484"},{"taxonomy":"post_tag","embeddable":true,"href":"https:\/\/blogdoedvaldomagalhaes.com.br\/index.php\/wp-json\/wp\/v2\/tags?post=104484"}],"curies":[{"name":"wp","href":"https:\/\/api.w.org\/{rel}","templated":true}]}}